{"id":6311,"date":"2026-01-12T07:49:40","date_gmt":"2026-01-12T06:49:40","guid":{"rendered":"https:\/\/ilsovranista.com\/?p=6311"},"modified":"2026-01-12T07:49:40","modified_gmt":"2026-01-12T06:49:40","slug":"al-luna-park-di-genova-risuona-faccetta-nera-salis-non-ce-spazio-per-nostalgie-fasciste","status":"publish","type":"post","link":"https:\/\/ilsovranista.com\/?p=6311","title":{"rendered":"Al luna park di Genova risuona Faccetta Nera. Salis :non c&#8217;\u00e8 spazio per nostalgie fasciste"},"content":{"rendered":"<p>&#8220;Ieri al Winter Park di Genova \u00e8 successa una cosa irresponsabile e grave. Qualcuno ha diffuso dalle casse di un\u2019attrazione \u201cFaccetta nera\u201d. Nella nostra citt\u00e0 non ci sar\u00e0 mai spazio per chi ha nostalgie fasciste, n\u00e9 per chi usa simboli del fascismo per stupidit\u00e0 o superficialit\u00e0&#8221;.<\/p>\n<p>Lo scrive sui suoi canali social Silvia Salis sindaco di Genova<\/p>\n<p>&nbsp;<\/p>\n","protected":false},"excerpt":{"rendered":"<p>&#8220;Ieri al Winter Park di Genova \u00e8 successa una cosa irresponsabile e grave. Qualcuno ha diffuso dalle casse di un\u2019attrazione \u201cFaccetta nera\u201d. Nella nostra citt\u00e0 non ci sar\u00e0 mai spazio per chi ha nostalgie fasciste, n\u00e9 per chi usa simboli del fascismo per stupidit\u00e0 o superficialit\u00e0&#8221;. Lo scrive sui suoi canali social Silvia Salis sindaco [&hellip;]<\/p>\n","protected":false},"author":3,"featured_media":6312,"comment_status":"open","ping_status":"closed","sticky":false,"template":"","format":"standard","meta":{"om_disable_all_campaigns":false,"_monsterinsights_skip_tracking":false,"_monsterinsights_sitenote_active":false,"_monsterinsights_sitenote_note":"","_monsterinsights_sitenote_category":0,"_uf_show_specific_survey":0,"_uf_disable_surveys":false,"footnotes":""},"categories":[36],"tags":[],"class_list":{"0":"post-6311","1":"post","2":"type-post","3":"status-publish","4":"format-standard","5":"has-post-thumbnail","7":"category-prima-i-territori"},"aioseo_notices":[],"_links":{"self":[{"href":"https:\/\/ilsovranista.com\/index.php?rest_route=\/wp\/v2\/posts\/6311","targetHints":{"allow":["GET"]}}],"collection":[{"href":"https:\/\/ilsovranista.com\/index.php?rest_route=\/wp\/v2\/posts"}],"about":[{"href":"https:\/\/ilsovranista.com\/index.php?rest_route=\/wp\/v2\/types\/post"}],"author":[{"embeddable":true,"href":"https:\/\/ilsovranista.com\/index.php?rest_route=\/wp\/v2\/users\/3"}],"replies":[{"embeddable":true,"href":"https:\/\/ilsovranista.com\/index.php?rest_route=%2Fwp%2Fv2%2Fcomments&post=6311"}],"version-history":[{"count":1,"href":"https:\/\/ilsovranista.com\/index.php?rest_route=\/wp\/v2\/posts\/6311\/revisions"}],"predecessor-version":[{"id":6313,"href":"https:\/\/ilsovranista.com\/index.php?rest_route=\/wp\/v2\/posts\/6311\/revisions\/6313"}],"wp:featuredmedia":[{"embeddable":true,"href":"https:\/\/ilsovranista.com\/index.php?rest_route=\/wp\/v2\/media\/6312"}],"wp:attachment":[{"href":"https:\/\/ilsovranista.com\/index.php?rest_route=%2Fwp%2Fv2%2Fmedia&parent=6311"}],"wp:term":[{"taxonomy":"category","embeddable":true,"href":"https:\/\/ilsovranista.com\/index.php?rest_route=%2Fwp%2Fv2%2Fcategories&post=6311"},{"taxonomy":"post_tag","embeddable":true,"href":"https:\/\/ilsovranista.com\/index.php?rest_route=%2Fwp%2Fv2%2Ftags&post=6311"}],"curies":[{"name":"wp","href":"https:\/\/api.w.org\/{rel}","templated":true}]}}