{"id":6307,"date":"2026-01-12T07:33:28","date_gmt":"2026-01-12T06:33:28","guid":{"rendered":"https:\/\/ilsovranista.com\/?p=6307"},"modified":"2026-01-12T07:39:12","modified_gmt":"2026-01-12T06:39:12","slug":"insulti-alla-meloni-maullu-fdiodio-e-sessismo-da-sinistra-contro-le-istituzioni","status":"publish","type":"post","link":"https:\/\/ilsovranista.com\/?p=6307","title":{"rendered":"Insulti alla Meloni, Maullu (Fdi):odio e sessismo da sinistra contro le istituzioni"},"content":{"rendered":"<p>Ancora odio e intolleranza contro il presidente del Consiglio <strong>Giorgia Meloni<\/strong>. Le scritte sessiste comparse in queste ore a Pietrasanta sono l\u2019ennesimo segnale di insofferenza contro il capo del governo e contro le istituzioni da parte della sinistra. Attendiamo, e siamo certi che si tratter\u00e0 di attesa vana, la solidariet\u00e0 della sinistra contro gesti che segnano a che livello di violenza si \u00e8 arrivati da chi si oppone da sinistra al governo\u201d.<\/p>\n<p>Lo ha detto <strong>Stefano Maullu, deputato di Fratelli d&#8217;Italia\u00a0<\/strong><\/p>\n","protected":false},"excerpt":{"rendered":"<p>Ancora odio e intolleranza contro il presidente del Consiglio Giorgia Meloni. Le scritte sessiste comparse in queste ore a Pietrasanta sono l\u2019ennesimo segnale di insofferenza contro il capo del governo e contro le istituzioni da parte della sinistra. Attendiamo, e siamo certi che si tratter\u00e0 di attesa vana, la solidariet\u00e0 della sinistra contro gesti che [&hellip;]<\/p>\n","protected":false},"author":3,"featured_media":6310,"comment_status":"open","ping_status":"closed","sticky":false,"template":"","format":"standard","meta":{"om_disable_all_campaigns":false,"_monsterinsights_skip_tracking":false,"_monsterinsights_sitenote_active":false,"_monsterinsights_sitenote_note":"","_monsterinsights_sitenote_category":0,"_uf_show_specific_survey":0,"_uf_disable_surveys":false,"footnotes":""},"categories":[33],"tags":[],"class_list":{"0":"post-6307","1":"post","2":"type-post","3":"status-publish","4":"format-standard","5":"has-post-thumbnail","7":"category-politica"},"aioseo_notices":[],"_links":{"self":[{"href":"https:\/\/ilsovranista.com\/index.php?rest_route=\/wp\/v2\/posts\/6307","targetHints":{"allow":["GET"]}}],"collection":[{"href":"https:\/\/ilsovranista.com\/index.php?rest_route=\/wp\/v2\/posts"}],"about":[{"href":"https:\/\/ilsovranista.com\/index.php?rest_route=\/wp\/v2\/types\/post"}],"author":[{"embeddable":true,"href":"https:\/\/ilsovranista.com\/index.php?rest_route=\/wp\/v2\/users\/3"}],"replies":[{"embeddable":true,"href":"https:\/\/ilsovranista.com\/index.php?rest_route=%2Fwp%2Fv2%2Fcomments&post=6307"}],"version-history":[{"count":1,"href":"https:\/\/ilsovranista.com\/index.php?rest_route=\/wp\/v2\/posts\/6307\/revisions"}],"predecessor-version":[{"id":6308,"href":"https:\/\/ilsovranista.com\/index.php?rest_route=\/wp\/v2\/posts\/6307\/revisions\/6308"}],"wp:featuredmedia":[{"embeddable":true,"href":"https:\/\/ilsovranista.com\/index.php?rest_route=\/wp\/v2\/media\/6310"}],"wp:attachment":[{"href":"https:\/\/ilsovranista.com\/index.php?rest_route=%2Fwp%2Fv2%2Fmedia&parent=6307"}],"wp:term":[{"taxonomy":"category","embeddable":true,"href":"https:\/\/ilsovranista.com\/index.php?rest_route=%2Fwp%2Fv2%2Fcategories&post=6307"},{"taxonomy":"post_tag","embeddable":true,"href":"https:\/\/ilsovranista.com\/index.php?rest_route=%2Fwp%2Fv2%2Ftags&post=6307"}],"curies":[{"name":"wp","href":"https:\/\/api.w.org\/{rel}","templated":true}]}}