{"id":6286,"date":"2026-01-09T08:15:23","date_gmt":"2026-01-09T07:15:23","guid":{"rendered":"https:\/\/ilsovranista.com\/?p=6286"},"modified":"2026-01-09T08:17:44","modified_gmt":"2026-01-09T07:17:44","slug":"acca-larenzia-rampelli-fdi-scanzi-scrive-falsita-lo-querelo-per-diffamazion","status":"publish","type":"post","link":"https:\/\/ilsovranista.com\/?p=6286","title":{"rendered":"Acca Larenzia. Rampelli (FdI): Scanzi scrive falsit\u00e0, lo querelo per diffamazione"},"content":{"rendered":"<p>&#8220;Non ho partecipato al raduno serale di Acca Larenzia, con buona pace del compagno <strong>Scanzi<\/strong> e di coloro che in questi giorni hanno detto e scritto il contrario. Che quereler\u00f2 perch\u00e9 deve essere posto un limite alla diffamazione e alla menzogna. Non faccio saluti romani perch\u00e9 sto bene nel mio tempo e ho sempre guardato con incredulit\u00e0 e tenerezza chi alza mani aperte, ma anche pugni chiusi. Intendo dire che nessuno mi ha vietato di farli, l\u2019ho scelto e l\u2019ho proposto alla generazione anti conformista che modernizz\u00f2 la destra, dal MSI passando per AN, la stessa che su questa distanza dal nostalgismo avrebbe fondato con me Fratelli d\u2019Italia nel 2012: la destra vincente di Giorgia Meloni.<\/p>\n<p>Da almeno 30 anni ci rechiamo in delegazione la mattina, proprio per questo, sostando nelle tre piazzette dove sono stati uccisi ragazzi non ancora ventenni nel lontano 1978. Ci mettiamo in ordine, deponiamo tre cuscini di fiori con un nastro tricolore senza il simbolo di partito, ci raccogliamo in silenzio e ci portiamo la mano sul cuore. Ma per loro sono intollerabili atteggiamenti \u201cfascisti\u201d, perch\u00e9 \u201cfascista\u201d \u00e8 l\u2019alloro, \u201cfascista\u201d \u00e8 il cuore su cui si posa la mano e ancor pi\u00f9 \u201cfascista\u201d \u00e8 il silenzio.<\/p>\n<p>Troviamo sui muri e sul suolo pubblico ci\u00f2 che ha lasciato il Campidoglio, avr\u00e0 le sue ragioni se non ha cancellato quei simboli. Chiedere a Gualtieri.<\/p>\n<p>Noi diamo valore al sangue innocente versato 48 anni fa e questo conta per tutti -anche per le istituzioni che si recano nello stesso posto- pi\u00f9 di ogni altra cosa.<\/p>\n<p>Giornalisti seri dovrebbero ricordare che questa strage non ha avuto giustizia, che la mitraglietta Skorpion che spar\u00f2 fu rinvenuta in un covo delle BR, che un pentito fece i nomi degli assassini, ma uno Stato complice si volt\u00f2 dall\u2019altra parte e li copr\u00ec. Ma a ogni 7 gennaio invece di riaprire inchieste, di indignarsi per l\u2019impunit\u00e0 garantita ai carnefici, il problema siamo noi che conserviamo la memoria di quella guerra civile. \u00c8 meraviglioso tramandarla con tanta costanza in mezzo secolo, capisco dia fastidio a chi si \u00e8 dimenticato dei ragazzi di sinistra altrettanto innocenti ammazzati brutalmente dalla strategia della tensione, a noi pi\u00f9 cari che aiche ai nostri avversari. Meglio provare a insudiciare e denigrare\u2026 La volpe e l\u2019uva.<\/p>\n<div class=\"google-auto-placed ap_container\">\n<p>&nbsp;<\/p>\n<div id=\"aswift_3_host\"><span style=\"background-color: initial;\">E\u2019 quanto dichiara il vicepresidente della Camera dei deputati <strong>Fabio Rampelli<\/strong> di <strong>Fratelli d\u2019Italia<\/strong> in merito a un post del giornalista Andrea Scanzi pubblicato su Facebook.<\/span><\/div>\n<p>&nbsp;<\/p>\n<\/div>\n","protected":false},"excerpt":{"rendered":"<p>&#8220;Non ho partecipato al raduno serale di Acca Larenzia, con buona pace del compagno Scanzi e di coloro che in questi giorni hanno detto e scritto il contrario. Che quereler\u00f2 perch\u00e9 deve essere posto un limite alla diffamazione e alla menzogna. Non faccio saluti romani perch\u00e9 sto bene nel mio tempo e ho sempre guardato [&hellip;]<\/p>\n","protected":false},"author":3,"featured_media":2055,"comment_status":"open","ping_status":"closed","sticky":false,"template":"","format":"standard","meta":{"om_disable_all_campaigns":false,"_monsterinsights_skip_tracking":false,"_monsterinsights_sitenote_active":false,"_monsterinsights_sitenote_note":"","_monsterinsights_sitenote_category":0,"_uf_show_specific_survey":0,"_uf_disable_surveys":false,"footnotes":""},"categories":[33],"tags":[],"class_list":{"0":"post-6286","1":"post","2":"type-post","3":"status-publish","4":"format-standard","5":"has-post-thumbnail","7":"category-politica"},"aioseo_notices":[],"_links":{"self":[{"href":"https:\/\/ilsovranista.com\/index.php?rest_route=\/wp\/v2\/posts\/6286","targetHints":{"allow":["GET"]}}],"collection":[{"href":"https:\/\/ilsovranista.com\/index.php?rest_route=\/wp\/v2\/posts"}],"about":[{"href":"https:\/\/ilsovranista.com\/index.php?rest_route=\/wp\/v2\/types\/post"}],"author":[{"embeddable":true,"href":"https:\/\/ilsovranista.com\/index.php?rest_route=\/wp\/v2\/users\/3"}],"replies":[{"embeddable":true,"href":"https:\/\/ilsovranista.com\/index.php?rest_route=%2Fwp%2Fv2%2Fcomments&post=6286"}],"version-history":[{"count":2,"href":"https:\/\/ilsovranista.com\/index.php?rest_route=\/wp\/v2\/posts\/6286\/revisions"}],"predecessor-version":[{"id":6288,"href":"https:\/\/ilsovranista.com\/index.php?rest_route=\/wp\/v2\/posts\/6286\/revisions\/6288"}],"wp:featuredmedia":[{"embeddable":true,"href":"https:\/\/ilsovranista.com\/index.php?rest_route=\/wp\/v2\/media\/2055"}],"wp:attachment":[{"href":"https:\/\/ilsovranista.com\/index.php?rest_route=%2Fwp%2Fv2%2Fmedia&parent=6286"}],"wp:term":[{"taxonomy":"category","embeddable":true,"href":"https:\/\/ilsovranista.com\/index.php?rest_route=%2Fwp%2Fv2%2Fcategories&post=6286"},{"taxonomy":"post_tag","embeddable":true,"href":"https:\/\/ilsovranista.com\/index.php?rest_route=%2Fwp%2Fv2%2Ftags&post=6286"}],"curies":[{"name":"wp","href":"https:\/\/api.w.org\/{rel}","templated":true}]}}