{"id":6282,"date":"2026-01-08T10:19:48","date_gmt":"2026-01-08T09:19:48","guid":{"rendered":"https:\/\/ilsovranista.com\/?p=6282"},"modified":"2026-01-08T10:19:48","modified_gmt":"2026-01-08T09:19:48","slug":"acca-larentia-maioranofdi-solidarieta-ai-militanti-di-gioventu-nazionale-occorre-condannare-senza-ambiguita-la-violenza-politica","status":"publish","type":"post","link":"https:\/\/ilsovranista.com\/?p=6282","title":{"rendered":"Acca Larentia, Maiorano(Fdi): solidariet\u00e0 ai militanti di Giovent\u00f9 Nazionale.Occorre condannare, senza ambiguit\u00e0, la violenza politica"},"content":{"rendered":"<p>&#8220;Esprimo la mia piena solidariet\u00e0 ai ragazzi di <strong>Giovent\u00f9<\/strong> <strong>Nazionale<\/strong>, aggrediti dai collettivi proprio nel giorno delle commemorazioni della strage di Acca Larentia. Mi auguro che vi sia una condanna unanime da parte di tutte le forze politiche. Non pu\u00f2 e non deve esserci pi\u00f9 spazio per la violenza politica\u201d.<\/p>\n<p>Lo dichiara <strong>Giovanni Maiorano,<\/strong> deputato di <strong>Fratelli d\u2019Italia<\/strong><\/p>\n","protected":false},"excerpt":{"rendered":"<p>&#8220;Esprimo la mia piena solidariet\u00e0 ai ragazzi di Giovent\u00f9 Nazionale, aggrediti dai collettivi proprio nel giorno delle commemorazioni della strage di Acca Larentia. Mi auguro che vi sia una condanna unanime da parte di tutte le forze politiche. Non pu\u00f2 e non deve esserci pi\u00f9 spazio per la violenza politica\u201d. Lo dichiara Giovanni Maiorano, deputato [&hellip;]<\/p>\n","protected":false},"author":3,"featured_media":6275,"comment_status":"open","ping_status":"closed","sticky":false,"template":"","format":"standard","meta":{"om_disable_all_campaigns":false,"_monsterinsights_skip_tracking":false,"_monsterinsights_sitenote_active":false,"_monsterinsights_sitenote_note":"","_monsterinsights_sitenote_category":0,"_uf_show_specific_survey":0,"_uf_disable_surveys":false,"footnotes":""},"categories":[33],"tags":[],"class_list":{"0":"post-6282","1":"post","2":"type-post","3":"status-publish","4":"format-standard","5":"has-post-thumbnail","7":"category-politica"},"aioseo_notices":[],"_links":{"self":[{"href":"https:\/\/ilsovranista.com\/index.php?rest_route=\/wp\/v2\/posts\/6282","targetHints":{"allow":["GET"]}}],"collection":[{"href":"https:\/\/ilsovranista.com\/index.php?rest_route=\/wp\/v2\/posts"}],"about":[{"href":"https:\/\/ilsovranista.com\/index.php?rest_route=\/wp\/v2\/types\/post"}],"author":[{"embeddable":true,"href":"https:\/\/ilsovranista.com\/index.php?rest_route=\/wp\/v2\/users\/3"}],"replies":[{"embeddable":true,"href":"https:\/\/ilsovranista.com\/index.php?rest_route=%2Fwp%2Fv2%2Fcomments&post=6282"}],"version-history":[{"count":1,"href":"https:\/\/ilsovranista.com\/index.php?rest_route=\/wp\/v2\/posts\/6282\/revisions"}],"predecessor-version":[{"id":6283,"href":"https:\/\/ilsovranista.com\/index.php?rest_route=\/wp\/v2\/posts\/6282\/revisions\/6283"}],"wp:featuredmedia":[{"embeddable":true,"href":"https:\/\/ilsovranista.com\/index.php?rest_route=\/wp\/v2\/media\/6275"}],"wp:attachment":[{"href":"https:\/\/ilsovranista.com\/index.php?rest_route=%2Fwp%2Fv2%2Fmedia&parent=6282"}],"wp:term":[{"taxonomy":"category","embeddable":true,"href":"https:\/\/ilsovranista.com\/index.php?rest_route=%2Fwp%2Fv2%2Fcategories&post=6282"},{"taxonomy":"post_tag","embeddable":true,"href":"https:\/\/ilsovranista.com\/index.php?rest_route=%2Fwp%2Fv2%2Ftags&post=6282"}],"curies":[{"name":"wp","href":"https:\/\/api.w.org\/{rel}","templated":true}]}}