{"id":628,"date":"2025-01-08T19:13:54","date_gmt":"2025-01-08T18:13:54","guid":{"rendered":"https:\/\/ilsovranista.com\/?p=628"},"modified":"2025-01-08T19:13:54","modified_gmt":"2025-01-08T18:13:54","slug":"il-veto-della-premier-sul-terzo-mandato-per-affossare-la-lega","status":"publish","type":"post","link":"https:\/\/ilsovranista.com\/?p=628","title":{"rendered":"Il veto della premier sul terzo mandato per affossare la Lega"},"content":{"rendered":"<p>di <strong>Giuseppe Alberto Falci<\/strong><\/p>\n<p>Fonte <strong>Quotidiano del Sud\u00a0<\/strong><\/p>\n<p>Quando gioved\u00ec <strong>Giorgia Meloni<\/strong> riunir\u00e0 il Consiglio dei ministri \u2013 il primo del 2025 \u2013 spiegher\u00e0 alla\u00a0<span class=\"stk-highlight\">squadra di governo<\/span>\u00a0il \u201cno\u201d al\u00a0<strong>terzo mandato per i presidenti di Regione<\/strong>. Non importa se qualcuno alzer\u00e0 il dito per opporsi: la presidente del Consiglio ha deciso il da farsi.<br \/>\nDa giorni gli uffici del legislativo di Palazzo Chigi lavorano a un ricorso da depositare alla Corte costituzionale. Raccontano che starebbero sistemando gli ultimi dettagli. Ricorso che viene visto positivamente anche da <strong>Stefano<\/strong> <strong>Ceccanti<\/strong>, costituzionalista e gi\u00e0 parlamentare del Pd: \u00abL\u2019impugnativa del governo, che si basa sul principio che il tetto dei due mandati sia auto-applicativo, mi sembra maggioritaria nella dottrina costituzionalista e mi sembra anche convincente\u00bb.<\/p>\n<div id=\"quotidianodelsud-dsk_intext_btf-1\" class=\"sour-intext\" data-google-query-id=\"CPOsy43c5ooDFVf0EQgd4JYyWA\">\n<div id=\"google_ads_iframe_\/150134580,8833529\/quotidianodelsud-dsk_intext_btf_0__container__\">Venerd\u00ec scadr\u00e0 il termine ultimo per presentarlo, visto che quel d\u00ec sarebbero passati 60 giorni dall\u2019approvazione in Consiglio regionale della cosiddetta \u201clegge De Luca\u201d. Con una mossa delle sue, il governatore campano ha recepito l\u2019indicazione dell\u2019Esecutivo di porre limite ai due mandati, ma cancellando il pregresso, il che gli consentirebbe di ripresentarsi nel 2025 come se non avesse svolto l\u2019incarico di presidente della Regione.<\/div>\n<\/div>\n<h2 class=\"wp-block-heading\"><span id=\"LA_BAGARRE_NELLA_MAGGIORANZA\">LA BAGARRE NELLA MAGGIORANZA<\/span><\/h2>\n<p>Il ricorso, va da s\u00e9, ha un risvolto politico. Perch\u00e9 il reale obiettivo della premier non \u00e8 il presidente della Campania, ma il partito di Matteo Salvini. La Lega guida infatti Veneto e Friuli con<strong> Luca Zaia<\/strong> e <strong>Massimiliano Fedriga<\/strong>, due presidente in scadenza nel 2025.<br \/>\n\u00c8 noto che Fratelli d\u2019Italia punti a conquistare il Nord. E a via della Scrofa hanno gi\u00e0 in mente una serie di profili marcatamente \u201cmeloniani\u201d da presentare quando si siederanno al tavolo con gli alleati. Il ragionamento delle truppe di FdI suona cos\u00ec: sono mutati gli equilibri di coalizione, ora siamo noi il partito maggioritario della compagine, e dunque tocca a noi la scelta della candidatura di una Regione strategica come il Veneto, e lo stesso varr\u00e0 per il Friuli Venezia-Giulia.<\/p>\n<p>La Lega, va da s\u00e9, sta facendo muro. Non a caso sono uscite in batteria una serie di figure di primo piano. Gianmarco Centinaio, senatore e vicepresidente del Senato, ha dichiarato: \u00abNon vedo perch\u00e9 un cittadino italiano non possa ricandidarsi per la terza volta a fare il presidente della Regione. Non si vuole permettere a Zaia di decidere se candidarsi per un altro mandato o no. C\u2019\u00e8 un\u2019ambizione politica, \u00e8 evidente, diversi colleghi di FdI l\u2019hanno detto chiaramente. Nel momento in cui si toglie a Zaia la possibilit\u00e0 di ricandidarsi, c\u2019\u00e8 l\u2019ambizione a candidare uno di loro\u00bb. E ancora: \u00abMi auguro che in Consiglio dei ministri ci sia un dibattito\u00bb.<br \/>\nDopodich\u00e9 tocca a Luca Zaia, governatore del Veneto in scadenza nel \u201825: \u00abSe il governo dovesse impugnare la legge della Regione Campania sul terzo mandato, non sarebbe una pietra tombale\u00bb.<\/p>\n<h3 class=\"wp-block-heading\"><span id=\"Il_ruolo_di_Forza_Italia\">Il ruolo di Forza Italia<\/span><\/h3>\n<p>In questo contesto Forza Italia spalleggia la presidente del Consiglio, anche perch\u00e9 gli azzurri intendono giocarsi le loro carte, visto che ormai rappresentano la seconda forza della coalizione. Tajani non far\u00e0 muro in Consiglio dei ministri, ma accompagner\u00e0 il ragionamento della premier. Cosa che non far\u00e0 Salvini. Il vicepremier leghista si ritrover\u00e0 a difendere Zaia e Fedriga, due altissimi dirigenti di via Bellerio che non si possono certo ascrivere al correntone \u201csalvianiano\u201d. Tutto questo si vedr\u00e0 fra 24 ore in un Cdm che non si occuper\u00e0 solo del terzo mandato, ma che dovr\u00e0 affrontare altri nodi delicati come la sostituzione di Elisabetta Belloni al vertice del Dis.<\/p>\n<h2 class=\"wp-block-heading\"><span id=\"LA_SPONDA_DEL_PD\">LA SPONDA DEL PD<\/span><\/h2>\n<p>Sull\u2019altro fronte la mossa del governo farebbe gioco a Elly Schlein, che ha gi\u00e0 deciso di non sostenere De Luca. La segretaria del Pd vuole liberarsi dei cosiddetti \u201ccacicchi\u201d dei territori, proponendo profili alternativi. Dibattito aperto anche nel centrosinistra sul terzo mandato. Osvaldo Napoli di Azione si interroga in questi termini: \u00abEsiste una rissa tutta politica e priva di qualsiasi costrutto per impedire ai presidenti con due mandati di ricandidarsi. Non si \u00e8 levata una sola voce per affrontare la questione in termini di opportunit\u00e0 istituzionale. Si vuole provare, per fare un solo esempio, a distinguere fra candidati a funzioni di rappresentanza (nei Comuni e nelle Regioni) o legislative (Parlamento) e candidati a funzioni esecutive?\u00bb.<\/p>\n<div id=\"quotidianodelsud-dsk_intext_btf-3\" class=\"sour-intext\" data-google-query-id=\"CO6lhJHc5ooDFeKL_QcdPEQawQ\">\n<div id=\"google_ads_iframe_\/150134580,8833529\/quotidianodelsud-dsk_intext_btf_2__container__\"><\/div>\n<\/div>\n<p>Di sicuro l\u2019Esecutivo non si far\u00e0 influenzare dalla discussione politica in atto. Meloni e i suoi sono convinti che la strada intrapresa sia quella corretta e non temono una piazzata gioved\u00ec in Cdm. La tesi meloniana \u00e8 quella esplicata da Galeazzo Bignami, capogruppo di Fratelli d\u2019Italia alla Camera, al programma ReStart di SkyTg24. Una tesi che rimanda alla rottamazione di renziana memoria: \u00abTerzo mandato? Io non ho simpatia nei confronti di Stefano Bonaccini, per\u00f2 gli va dato atto di aver affermato una cosa assolutamente condivisibile. Lui, che \u00e8 sempre stato a favore del terzo mandato, a differenza del suo partito, dice anche che le leggi vanno rispettate e aggiunge che \u00e8 necessario favorire un ricambio generazionale\u00bb.<\/p>\n<div class=\"code-block code-block-1\">\n<div class=\"wp-block-group has-white-color has-text-color has-background\">\n<div class=\"wp-block-group__inner-container\"><\/div>\n<\/div>\n<\/div>\n","protected":false},"excerpt":{"rendered":"<p>di Giuseppe Alberto Falci Fonte Quotidiano del Sud\u00a0 Quando gioved\u00ec Giorgia Meloni riunir\u00e0 il Consiglio dei ministri \u2013 il primo del 2025 \u2013 spiegher\u00e0 alla\u00a0squadra di governo\u00a0il \u201cno\u201d al\u00a0terzo mandato per i presidenti di Regione. Non importa se qualcuno alzer\u00e0 il dito per opporsi: la presidente del Consiglio ha deciso il da farsi. Da giorni [&hellip;]<\/p>\n","protected":false},"author":3,"featured_media":629,"comment_status":"open","ping_status":"closed","sticky":false,"template":"","format":"standard","meta":{"om_disable_all_campaigns":false,"_monsterinsights_skip_tracking":false,"_monsterinsights_sitenote_active":false,"_monsterinsights_sitenote_note":"","_monsterinsights_sitenote_category":0,"_uf_show_specific_survey":0,"_uf_disable_surveys":false,"footnotes":""},"categories":[33],"tags":[],"class_list":{"0":"post-628","1":"post","2":"type-post","3":"status-publish","4":"format-standard","5":"has-post-thumbnail","7":"category-politica"},"aioseo_notices":[],"_links":{"self":[{"href":"https:\/\/ilsovranista.com\/index.php?rest_route=\/wp\/v2\/posts\/628","targetHints":{"allow":["GET"]}}],"collection":[{"href":"https:\/\/ilsovranista.com\/index.php?rest_route=\/wp\/v2\/posts"}],"about":[{"href":"https:\/\/ilsovranista.com\/index.php?rest_route=\/wp\/v2\/types\/post"}],"author":[{"embeddable":true,"href":"https:\/\/ilsovranista.com\/index.php?rest_route=\/wp\/v2\/users\/3"}],"replies":[{"embeddable":true,"href":"https:\/\/ilsovranista.com\/index.php?rest_route=%2Fwp%2Fv2%2Fcomments&post=628"}],"version-history":[{"count":1,"href":"https:\/\/ilsovranista.com\/index.php?rest_route=\/wp\/v2\/posts\/628\/revisions"}],"predecessor-version":[{"id":630,"href":"https:\/\/ilsovranista.com\/index.php?rest_route=\/wp\/v2\/posts\/628\/revisions\/630"}],"wp:featuredmedia":[{"embeddable":true,"href":"https:\/\/ilsovranista.com\/index.php?rest_route=\/wp\/v2\/media\/629"}],"wp:attachment":[{"href":"https:\/\/ilsovranista.com\/index.php?rest_route=%2Fwp%2Fv2%2Fmedia&parent=628"}],"wp:term":[{"taxonomy":"category","embeddable":true,"href":"https:\/\/ilsovranista.com\/index.php?rest_route=%2Fwp%2Fv2%2Fcategories&post=628"},{"taxonomy":"post_tag","embeddable":true,"href":"https:\/\/ilsovranista.com\/index.php?rest_route=%2Fwp%2Fv2%2Ftags&post=628"}],"curies":[{"name":"wp","href":"https:\/\/api.w.org\/{rel}","templated":true}]}}