{"id":6261,"date":"2026-01-07T07:53:41","date_gmt":"2026-01-07T06:53:41","guid":{"rendered":"https:\/\/ilsovranista.com\/?p=6261"},"modified":"2026-01-07T07:53:41","modified_gmt":"2026-01-07T06:53:41","slug":"zaia-scuote-la-lega-il-manifesto-liberale-divide-il-carroccio","status":"publish","type":"post","link":"https:\/\/ilsovranista.com\/?p=6261","title":{"rendered":"Zaia scuote la Lega: il manifesto liberale divide il Carroccio"},"content":{"rendered":"<p>Un testo lungo, programmatico, con ambizioni che vanno ben oltre il perimetro veneto: <strong>Luca<\/strong> <strong>Zaia<\/strong> torna a occupare la scena nazionale con un manifesto in cinque capitoli che chiede al centrodestra una <strong>sterzata \u201cliberale<\/strong>\u201d. La reazione, dentro la Lega , non \u00e8 stata un coro: \u00e8 stata una frattura in controluce. E a renderla visibile ci ha pensato Roberto Vannacci, che ha preso le distanze senza troppi giri di parole.<\/p>\n<p>Luca Zaia vorrebbe mettere al centro\u00a0 un\u2019idea di destra istituzionale e pragmatica, con aperture su temi civili; Vannacci (e un pezzo di partito) segnala invece un\u2019altra bussola, pi\u00f9 identitaria e muscolare. Nel mezzo, assordanti silenzi e imbarazzi e un dibattito che, volente o nolente, torna a battere sul nervo scoperto della Lega:\u00a0che cosa vuole essere\u00a0nel 2026.<\/p>\n<p>Il documento mette in fila cinque priorit\u00e0, presentate come una cassetta degli attrezzi per \u201cdimostrare di essere forza di governo\u201d nel presente. Il filo conduttore \u00e8 chiaro: meno slogan, pi\u00f9 architettura.<\/p>\n<p>Per Zaia l\u2019autonomia resta il primo mattone: non una bandierina da comizio, ma un modo per correggere un centralismo che, sostiene, ha prodotto \u201cdue Italie\u201d.<\/p>\n<p>La politica estera entra nel manifesto con toni da posizionamento strategico: l\u2019Italia come potenza di equilibrio e come ponte tra Europa e Stati Uniti.<\/p>\n<p>Terzo pilastro, l\u2019ordine pubblico. Il concetto viene declinato con una distinzione netta: sicurezza non come spettacolo o militarizzazione, ma come presenza dello Stato.<\/p>\n<p>Il quarto punto \u00e8 un cambio di tono: i giovani vengono definiti la \u201cvera infrastruttura nazionale\u201d. Tradotto: se non costruisci futuro, le opere restano cornici vuote. Dentro ci stanno casa, lavoro, formazione: politiche che, nell\u2019idea del manifesto, dovrebbero trasformare la promessa in mobilit\u00e0 sociale, non in un hashtag..<\/p>\n<p>Il quinto punto del manifesto\u00a0 riguarda i diritti civili.Zaia sostiene che la destra \u201cche vince\u201d \u00e8 quella liberale e che questioni come diritti civili e fine vita non possono essere trattate come tab\u00f9 ideologici. Il cuore del messaggio \u00e8 una chiamata alla maturit\u00e0 politica: non imporre una visione, non ridurre tutto a un s\u00ec\/no automatico.<\/p>\n<p>&nbsp;<\/p>\n","protected":false},"excerpt":{"rendered":"<p>Un testo lungo, programmatico, con ambizioni che vanno ben oltre il perimetro veneto: Luca Zaia torna a occupare la scena nazionale con un manifesto in cinque capitoli che chiede al centrodestra una sterzata \u201cliberale\u201d. La reazione, dentro la Lega , non \u00e8 stata un coro: \u00e8 stata una frattura in controluce. E a renderla visibile [&hellip;]<\/p>\n","protected":false},"author":3,"featured_media":4569,"comment_status":"open","ping_status":"closed","sticky":false,"template":"","format":"standard","meta":{"om_disable_all_campaigns":false,"_monsterinsights_skip_tracking":false,"_monsterinsights_sitenote_active":false,"_monsterinsights_sitenote_note":"","_monsterinsights_sitenote_category":0,"_uf_show_specific_survey":0,"_uf_disable_surveys":false,"footnotes":""},"categories":[33],"tags":[],"class_list":{"0":"post-6261","1":"post","2":"type-post","3":"status-publish","4":"format-standard","5":"has-post-thumbnail","7":"category-politica"},"aioseo_notices":[],"_links":{"self":[{"href":"https:\/\/ilsovranista.com\/index.php?rest_route=\/wp\/v2\/posts\/6261","targetHints":{"allow":["GET"]}}],"collection":[{"href":"https:\/\/ilsovranista.com\/index.php?rest_route=\/wp\/v2\/posts"}],"about":[{"href":"https:\/\/ilsovranista.com\/index.php?rest_route=\/wp\/v2\/types\/post"}],"author":[{"embeddable":true,"href":"https:\/\/ilsovranista.com\/index.php?rest_route=\/wp\/v2\/users\/3"}],"replies":[{"embeddable":true,"href":"https:\/\/ilsovranista.com\/index.php?rest_route=%2Fwp%2Fv2%2Fcomments&post=6261"}],"version-history":[{"count":2,"href":"https:\/\/ilsovranista.com\/index.php?rest_route=\/wp\/v2\/posts\/6261\/revisions"}],"predecessor-version":[{"id":6263,"href":"https:\/\/ilsovranista.com\/index.php?rest_route=\/wp\/v2\/posts\/6261\/revisions\/6263"}],"wp:featuredmedia":[{"embeddable":true,"href":"https:\/\/ilsovranista.com\/index.php?rest_route=\/wp\/v2\/media\/4569"}],"wp:attachment":[{"href":"https:\/\/ilsovranista.com\/index.php?rest_route=%2Fwp%2Fv2%2Fmedia&parent=6261"}],"wp:term":[{"taxonomy":"category","embeddable":true,"href":"https:\/\/ilsovranista.com\/index.php?rest_route=%2Fwp%2Fv2%2Fcategories&post=6261"},{"taxonomy":"post_tag","embeddable":true,"href":"https:\/\/ilsovranista.com\/index.php?rest_route=%2Fwp%2Fv2%2Ftags&post=6261"}],"curies":[{"name":"wp","href":"https:\/\/api.w.org\/{rel}","templated":true}]}}