{"id":6234,"date":"2026-01-04T08:15:38","date_gmt":"2026-01-04T07:15:38","guid":{"rendered":"https:\/\/ilsovranista.com\/?p=6234"},"modified":"2026-01-04T08:15:38","modified_gmt":"2026-01-04T07:15:38","slug":"venezuela-ceccardi-lega-leuropa-smetta-di-voltarsi-dallaltra-parte-e-stia-dalla-parte-della-liberta","status":"publish","type":"post","link":"https:\/\/ilsovranista.com\/?p=6234","title":{"rendered":"Venezuela, Ceccardi (Lega): \u201cL\u2019Europa smetta di voltarsi dall\u2019altra parte e stia dalla parte della libert\u00e0"},"content":{"rendered":"<p>&#8220;Oltre un anno fa, in un mio intervento al Parlamento europeo, chiedevo a Bruxelles di sostenere con maggiore determinazione la lotta per la libert\u00e0 del popolo venezuelano contro un regime che da tempo ha azzerato la democrazia nel Paese. Ancora una volta, per\u00f2, l\u2019Unione europea \u00e8 rimasta a guardare mentre Maduro trasformava il Venezuela in uno Stato ancor pi\u00f9 autoritario e corrotto, che reprime le libert\u00e0 fondamentali, svuota le elezioni di ogni credibilit\u00e0 e tollera reti criminali e traffici illegali. Oggi, di fronte all\u2019iniziativa assunta dagli Stati Uniti, emerge con ancora maggiore evidenza la mancanza di una linea politica chiara e incisiva da parte di Bruxelles. Di fronte a questa situazione, serve una presa di posizione coerente e credibile a difesa della democrazia e dei diritti del popolo venezuelano: l\u2019Unione europea smetta di voltarsi dall\u2019altra parte e scelga finalmente di stare dalla parte della libert\u00e0&#8221;. Lo dichiara <strong>Susanna Ceccardi,<\/strong> eurodeputata della <strong>Lega<\/strong> e membro della Commissione Libert\u00e0 civili al Parlamento europeo.<\/p>\n","protected":false},"excerpt":{"rendered":"<p>&#8220;Oltre un anno fa, in un mio intervento al Parlamento europeo, chiedevo a Bruxelles di sostenere con maggiore determinazione la lotta per la libert\u00e0 del popolo venezuelano contro un regime che da tempo ha azzerato la democrazia nel Paese. Ancora una volta, per\u00f2, l\u2019Unione europea \u00e8 rimasta a guardare mentre Maduro trasformava il Venezuela in [&hellip;]<\/p>\n","protected":false},"author":3,"featured_media":4368,"comment_status":"open","ping_status":"closed","sticky":false,"template":"","format":"standard","meta":{"om_disable_all_campaigns":false,"_monsterinsights_skip_tracking":false,"_monsterinsights_sitenote_active":false,"_monsterinsights_sitenote_note":"","_monsterinsights_sitenote_category":0,"_uf_show_specific_survey":0,"_uf_disable_surveys":false,"footnotes":""},"categories":[33],"tags":[],"class_list":{"0":"post-6234","1":"post","2":"type-post","3":"status-publish","4":"format-standard","5":"has-post-thumbnail","7":"category-politica"},"aioseo_notices":[],"_links":{"self":[{"href":"https:\/\/ilsovranista.com\/index.php?rest_route=\/wp\/v2\/posts\/6234","targetHints":{"allow":["GET"]}}],"collection":[{"href":"https:\/\/ilsovranista.com\/index.php?rest_route=\/wp\/v2\/posts"}],"about":[{"href":"https:\/\/ilsovranista.com\/index.php?rest_route=\/wp\/v2\/types\/post"}],"author":[{"embeddable":true,"href":"https:\/\/ilsovranista.com\/index.php?rest_route=\/wp\/v2\/users\/3"}],"replies":[{"embeddable":true,"href":"https:\/\/ilsovranista.com\/index.php?rest_route=%2Fwp%2Fv2%2Fcomments&post=6234"}],"version-history":[{"count":1,"href":"https:\/\/ilsovranista.com\/index.php?rest_route=\/wp\/v2\/posts\/6234\/revisions"}],"predecessor-version":[{"id":6235,"href":"https:\/\/ilsovranista.com\/index.php?rest_route=\/wp\/v2\/posts\/6234\/revisions\/6235"}],"wp:featuredmedia":[{"embeddable":true,"href":"https:\/\/ilsovranista.com\/index.php?rest_route=\/wp\/v2\/media\/4368"}],"wp:attachment":[{"href":"https:\/\/ilsovranista.com\/index.php?rest_route=%2Fwp%2Fv2%2Fmedia&parent=6234"}],"wp:term":[{"taxonomy":"category","embeddable":true,"href":"https:\/\/ilsovranista.com\/index.php?rest_route=%2Fwp%2Fv2%2Fcategories&post=6234"},{"taxonomy":"post_tag","embeddable":true,"href":"https:\/\/ilsovranista.com\/index.php?rest_route=%2Fwp%2Fv2%2Ftags&post=6234"}],"curies":[{"name":"wp","href":"https:\/\/api.w.org\/{rel}","templated":true}]}}