{"id":6222,"date":"2026-01-03T08:45:34","date_gmt":"2026-01-03T07:45:34","guid":{"rendered":"https:\/\/ilsovranista.com\/?p=6222"},"modified":"2026-01-03T08:48:49","modified_gmt":"2026-01-03T07:48:49","slug":"capodanno-schiuma-fdi-occasione-mancata-per-roma-per-essere-allaltezza-delle-capitali-europee","status":"publish","type":"post","link":"https:\/\/ilsovranista.com\/?p=6222","title":{"rendered":"Capodanno, Schiuma (Fdi): occasione mancata per Roma per essere all&#8217;altezza delle capitali europee"},"content":{"rendered":"<p>&#8220;Tra risse in centro, incendi in periferia e l&#8217;atavica inadeguatezza dei servizi pubblici urbani, ecco l&#8217;ennesima occasione mancata per essere all&#8217;altezza di una grande capitale europea. Basta vedere quanto \u00e8 invece accaduto ai parigini Champs-\u00c9lys\u00e9es o lungo il Tamigi a Londra, per rendersi conto del grigiore di un sindaco che non \u00e8 stato capace di pianificare una speciale notte all&#8217;altezza di altre capitali europee: non cito New York per non infierire. L&#8217;amministrazione si \u00e8 concentrata solo su un concerto in centro, dimenticando le periferie e senza orchestrare e\u00a0sostenere una serie di eventi, lasciati invece all&#8217;iniziativa dei singoli senza una strategia corale, un indirizzo culturale: quanto sarebbe servito un assessore come Renato Nicolini&#8230;&#8221;.<\/p>\n<p>\u00c8 quanto\u00a0dichiara in una nota <strong>Fabio<\/strong> <strong>Sabbatani<\/strong> <strong>Schiuma<\/strong>, dirigente nazionale di Fratelli d&#8217;Italia e responsabile del dipartimento &#8216;La Citt\u00e0 della Notte&#8217;.<\/p>\n<p>&nbsp;<\/p>\n","protected":false},"excerpt":{"rendered":"<p>&#8220;Tra risse in centro, incendi in periferia e l&#8217;atavica inadeguatezza dei servizi pubblici urbani, ecco l&#8217;ennesima occasione mancata per essere all&#8217;altezza di una grande capitale europea. Basta vedere quanto \u00e8 invece accaduto ai parigini Champs-\u00c9lys\u00e9es o lungo il Tamigi a Londra, per rendersi conto del grigiore di un sindaco che non \u00e8 stato capace di [&hellip;]<\/p>\n","protected":false},"author":3,"featured_media":6223,"comment_status":"open","ping_status":"closed","sticky":false,"template":"","format":"standard","meta":{"om_disable_all_campaigns":false,"_monsterinsights_skip_tracking":false,"_monsterinsights_sitenote_active":false,"_monsterinsights_sitenote_note":"","_monsterinsights_sitenote_category":0,"_uf_show_specific_survey":0,"_uf_disable_surveys":false,"footnotes":""},"categories":[33],"tags":[],"class_list":{"0":"post-6222","1":"post","2":"type-post","3":"status-publish","4":"format-standard","5":"has-post-thumbnail","7":"category-politica"},"aioseo_notices":[],"_links":{"self":[{"href":"https:\/\/ilsovranista.com\/index.php?rest_route=\/wp\/v2\/posts\/6222","targetHints":{"allow":["GET"]}}],"collection":[{"href":"https:\/\/ilsovranista.com\/index.php?rest_route=\/wp\/v2\/posts"}],"about":[{"href":"https:\/\/ilsovranista.com\/index.php?rest_route=\/wp\/v2\/types\/post"}],"author":[{"embeddable":true,"href":"https:\/\/ilsovranista.com\/index.php?rest_route=\/wp\/v2\/users\/3"}],"replies":[{"embeddable":true,"href":"https:\/\/ilsovranista.com\/index.php?rest_route=%2Fwp%2Fv2%2Fcomments&post=6222"}],"version-history":[{"count":1,"href":"https:\/\/ilsovranista.com\/index.php?rest_route=\/wp\/v2\/posts\/6222\/revisions"}],"predecessor-version":[{"id":6224,"href":"https:\/\/ilsovranista.com\/index.php?rest_route=\/wp\/v2\/posts\/6222\/revisions\/6224"}],"wp:featuredmedia":[{"embeddable":true,"href":"https:\/\/ilsovranista.com\/index.php?rest_route=\/wp\/v2\/media\/6223"}],"wp:attachment":[{"href":"https:\/\/ilsovranista.com\/index.php?rest_route=%2Fwp%2Fv2%2Fmedia&parent=6222"}],"wp:term":[{"taxonomy":"category","embeddable":true,"href":"https:\/\/ilsovranista.com\/index.php?rest_route=%2Fwp%2Fv2%2Fcategories&post=6222"},{"taxonomy":"post_tag","embeddable":true,"href":"https:\/\/ilsovranista.com\/index.php?rest_route=%2Fwp%2Fv2%2Ftags&post=6222"}],"curies":[{"name":"wp","href":"https:\/\/api.w.org\/{rel}","templated":true}]}}