{"id":6181,"date":"2025-12-30T09:59:00","date_gmt":"2025-12-30T08:59:00","guid":{"rendered":"https:\/\/ilsovranista.com\/?p=6181"},"modified":"2025-12-30T09:59:00","modified_gmt":"2025-12-30T08:59:00","slug":"sasso-lega-landini-si-vergogni-la-cgil-ha-paura-di-ramelli","status":"publish","type":"post","link":"https:\/\/ilsovranista.com\/?p=6181","title":{"rendered":"Sasso (Lega): Landini si vergogni. La CGIL ha paura di Ramelli?"},"content":{"rendered":"<p>&#8220;Giusta e motivata la scelta del sindaco di Nard\u00f2 <strong>Pippi Mellone<\/strong> di intitolare una scuola della sua citt\u00e0 ad uno studente di 18 anni, un martire per la libert\u00e0 che inizi\u00f2 il suo martirio, pensate un po&#8217;, per un tema di italiano, un compito in classe dove espresse liberamente delle opinioni. Un martirio provocato da un insegnante comunista che espose il tema in bacheca e Sergio al pubblico ludibrio, facendone un bersaglio per delle bestie assetate di sangue travestite da studenti di medicina. Uno studente ammazzato nel 1975 dalla sua stessa scuola. Colpevole di essere di destra.50 anni dopo un sindaco vorrebbe intitolargli una scuola, a perenne ricordo del suo sacrificio, ma il sindacato comunista dice no. La Cgil dovrebbe solo tacere ed inginocchiarsi dinanzi alla memoria di un ragazzino che ebbe il coraggio delle proprie idee di libert\u00e0 e le rivendic\u00f2, causando la sua condanna a morte da parte dei comunisti dell&#8217;epoca, che lo aspettarono sotto casa al termine delle lezioni e\u00a0 lo aggredirono in branco a colpi di chiavi inglesi. I comunisti di oggi, quelli del sindacato di Landini, dovrebbero superare i propri steccati ideologici e plaudire all&#8217;intitolazione della scuola a Sergio. La scuola \u00e8 libert\u00e0, \u00e8 coscienza critica, \u00e8 coraggio delle idee, tutti valori altamente rappresentati da Sergio. Ramelli era colpevole di essere un ragazzo di destra, ma sarebbe potuto essere tranquillamente di sinistra: in quegli anni le vittime furono tantissime da ambo le parti e quella stagione \u00e8 stata fortunatamente chiusa per sempre. Intitolare una scuola a Sergio \u00e8 un gesto di pacificazione nazionale, 50 anni dopo la sua morte, ma evidentemente questo proprio non va gi\u00f9 alla Cgil. E questo gesto la qualifica ulteriormente.<\/p>\n<p>Lo scrive sui suoi canali social Rossano Sasso, deputato della Lega<\/p>\n","protected":false},"excerpt":{"rendered":"<p>&#8220;Giusta e motivata la scelta del sindaco di Nard\u00f2 Pippi Mellone di intitolare una scuola della sua citt\u00e0 ad uno studente di 18 anni, un martire per la libert\u00e0 che inizi\u00f2 il suo martirio, pensate un po&#8217;, per un tema di italiano, un compito in classe dove espresse liberamente delle opinioni. Un martirio provocato da [&hellip;]<\/p>\n","protected":false},"author":3,"featured_media":3118,"comment_status":"open","ping_status":"closed","sticky":false,"template":"","format":"standard","meta":{"om_disable_all_campaigns":false,"_monsterinsights_skip_tracking":false,"_monsterinsights_sitenote_active":false,"_monsterinsights_sitenote_note":"","_monsterinsights_sitenote_category":0,"_uf_show_specific_survey":0,"_uf_disable_surveys":false,"footnotes":""},"categories":[37],"tags":[],"class_list":{"0":"post-6181","1":"post","2":"type-post","3":"status-publish","4":"format-standard","5":"has-post-thumbnail","7":"category-battaglia-culturale"},"aioseo_notices":[],"_links":{"self":[{"href":"https:\/\/ilsovranista.com\/index.php?rest_route=\/wp\/v2\/posts\/6181","targetHints":{"allow":["GET"]}}],"collection":[{"href":"https:\/\/ilsovranista.com\/index.php?rest_route=\/wp\/v2\/posts"}],"about":[{"href":"https:\/\/ilsovranista.com\/index.php?rest_route=\/wp\/v2\/types\/post"}],"author":[{"embeddable":true,"href":"https:\/\/ilsovranista.com\/index.php?rest_route=\/wp\/v2\/users\/3"}],"replies":[{"embeddable":true,"href":"https:\/\/ilsovranista.com\/index.php?rest_route=%2Fwp%2Fv2%2Fcomments&post=6181"}],"version-history":[{"count":1,"href":"https:\/\/ilsovranista.com\/index.php?rest_route=\/wp\/v2\/posts\/6181\/revisions"}],"predecessor-version":[{"id":6182,"href":"https:\/\/ilsovranista.com\/index.php?rest_route=\/wp\/v2\/posts\/6181\/revisions\/6182"}],"wp:featuredmedia":[{"embeddable":true,"href":"https:\/\/ilsovranista.com\/index.php?rest_route=\/wp\/v2\/media\/3118"}],"wp:attachment":[{"href":"https:\/\/ilsovranista.com\/index.php?rest_route=%2Fwp%2Fv2%2Fmedia&parent=6181"}],"wp:term":[{"taxonomy":"category","embeddable":true,"href":"https:\/\/ilsovranista.com\/index.php?rest_route=%2Fwp%2Fv2%2Fcategories&post=6181"},{"taxonomy":"post_tag","embeddable":true,"href":"https:\/\/ilsovranista.com\/index.php?rest_route=%2Fwp%2Fv2%2Ftags&post=6181"}],"curies":[{"name":"wp","href":"https:\/\/api.w.org\/{rel}","templated":true}]}}