{"id":6167,"date":"2025-12-29T07:38:56","date_gmt":"2025-12-29T06:38:56","guid":{"rendered":"https:\/\/ilsovranista.com\/?p=6167"},"modified":"2025-12-29T07:38:56","modified_gmt":"2025-12-29T06:38:56","slug":"congresso-della-fiamma-tricolore-confermato-cerbella-segretario-nazionale","status":"publish","type":"post","link":"https:\/\/ilsovranista.com\/?p=6167","title":{"rendered":"Congresso della Fiamma Tricolore: confermato Cerbella segretario nazionale"},"content":{"rendered":"<p>La Fiamma Tricolore rende noto che, nella giornata del 28 dicembre, \u00e8 stato svolto il decimo congresso nazionale del Partito.<\/p>\n<p>Un&#8217;assise partecipata, nella quale <strong>Daniele<\/strong> <strong>Cerbella<\/strong> \u00e8 stato nuovamente eletto Segretario Nazionale.<\/p>\n<p>Un momento di incontro che segna uno spartiacque importante. Il Partito \u00e8 da questo momento proiettato alle prossime elezioni amministrative, che lo vedranno protagonista in molte realt\u00e0.<\/p>\n","protected":false},"excerpt":{"rendered":"<p>La Fiamma Tricolore rende noto che, nella giornata del 28 dicembre, \u00e8 stato svolto il decimo congresso nazionale del Partito. Un&#8217;assise partecipata, nella quale Daniele Cerbella \u00e8 stato nuovamente eletto Segretario Nazionale. Un momento di incontro che segna uno spartiacque importante. Il Partito \u00e8 da questo momento proiettato alle prossime elezioni amministrative, che lo vedranno [&hellip;]<\/p>\n","protected":false},"author":3,"featured_media":6061,"comment_status":"open","ping_status":"closed","sticky":false,"template":"","format":"standard","meta":{"om_disable_all_campaigns":false,"_monsterinsights_skip_tracking":false,"_monsterinsights_sitenote_active":false,"_monsterinsights_sitenote_note":"","_monsterinsights_sitenote_category":0,"_uf_show_specific_survey":0,"_uf_disable_surveys":false,"footnotes":""},"categories":[33],"tags":[],"class_list":{"0":"post-6167","1":"post","2":"type-post","3":"status-publish","4":"format-standard","5":"has-post-thumbnail","7":"category-politica"},"aioseo_notices":[],"_links":{"self":[{"href":"https:\/\/ilsovranista.com\/index.php?rest_route=\/wp\/v2\/posts\/6167","targetHints":{"allow":["GET"]}}],"collection":[{"href":"https:\/\/ilsovranista.com\/index.php?rest_route=\/wp\/v2\/posts"}],"about":[{"href":"https:\/\/ilsovranista.com\/index.php?rest_route=\/wp\/v2\/types\/post"}],"author":[{"embeddable":true,"href":"https:\/\/ilsovranista.com\/index.php?rest_route=\/wp\/v2\/users\/3"}],"replies":[{"embeddable":true,"href":"https:\/\/ilsovranista.com\/index.php?rest_route=%2Fwp%2Fv2%2Fcomments&post=6167"}],"version-history":[{"count":1,"href":"https:\/\/ilsovranista.com\/index.php?rest_route=\/wp\/v2\/posts\/6167\/revisions"}],"predecessor-version":[{"id":6168,"href":"https:\/\/ilsovranista.com\/index.php?rest_route=\/wp\/v2\/posts\/6167\/revisions\/6168"}],"wp:featuredmedia":[{"embeddable":true,"href":"https:\/\/ilsovranista.com\/index.php?rest_route=\/wp\/v2\/media\/6061"}],"wp:attachment":[{"href":"https:\/\/ilsovranista.com\/index.php?rest_route=%2Fwp%2Fv2%2Fmedia&parent=6167"}],"wp:term":[{"taxonomy":"category","embeddable":true,"href":"https:\/\/ilsovranista.com\/index.php?rest_route=%2Fwp%2Fv2%2Fcategories&post=6167"},{"taxonomy":"post_tag","embeddable":true,"href":"https:\/\/ilsovranista.com\/index.php?rest_route=%2Fwp%2Fv2%2Ftags&post=6167"}],"curies":[{"name":"wp","href":"https:\/\/api.w.org\/{rel}","templated":true}]}}