{"id":6147,"date":"2025-12-27T08:27:02","date_gmt":"2025-12-27T07:27:02","guid":{"rendered":"https:\/\/ilsovranista.com\/?p=6147"},"modified":"2025-12-27T09:52:38","modified_gmt":"2025-12-27T08:52:38","slug":"scuola-intitolata-a-ramelli-frassinetti-grave-che-la-cgil-offenda-la-memoria-di-sergio","status":"publish","type":"post","link":"https:\/\/ilsovranista.com\/?p=6147","title":{"rendered":"Scuola intitolata a Ramelli, Frassinetti : grave che la CGIL offenda la memoria di Sergio"},"content":{"rendered":"<p>Ritengo molto offensive le dichiarazioni della <strong>Cgil<\/strong> di Lecce sull\u2019intitolazione di una scuola a Nard\u00f2 a <strong>Sergio<\/strong> <strong>Ramelli<\/strong>. Infierire dopo 50 anni su un giovane brutalmente aggredito e ucciso dimostra di voler restaurare un surreale clima di odio ideologico e mi stupisce ancor di pi\u00f9 che queste offese provengano da un sindacato che dovrebbe per sua natura promuovere il dialogo. Sergio Ramelli a 50 anni dal suo brutale assassinio non \u00e8 \u201cdivisivo\u201d ma al contrario dovrebbe essere un \u201c Figlio d\u2019Italia\u201d, un figlio di tutti, cos\u00ec come quei giovani che negli anni di piombo, da entrambe le parti, sono stati uccisi solo perch\u00e9 lottavano per le loro idee. Intitolare a Sergio una scuola \u00e8 un atto giusto e doveroso perch\u00e9 il suo omicidio \u00e8 maturato proprio dentro la sua scuola.Questo serve anche a far capire ai ragazzi di oggi che nella scuola tutti hanno diritto ad esprimere la libert\u00e0 di pensiero e che la violenza e l\u2019intolleranza vanno condannate sempre\u201d.<\/p>\n<p>Lo ha dichiarato\u00a0<strong>Paola Frassinetti, sottosegretario all&#8217;istruzione e al merito<\/strong><\/p>\n","protected":false},"excerpt":{"rendered":"<p>Ritengo molto offensive le dichiarazioni della Cgil di Lecce sull\u2019intitolazione di una scuola a Nard\u00f2 a Sergio Ramelli. Infierire dopo 50 anni su un giovane brutalmente aggredito e ucciso dimostra di voler restaurare un surreale clima di odio ideologico e mi stupisce ancor di pi\u00f9 che queste offese provengano da un sindacato che dovrebbe per [&hellip;]<\/p>\n","protected":false},"author":3,"featured_media":3337,"comment_status":"open","ping_status":"closed","sticky":false,"template":"","format":"standard","meta":{"om_disable_all_campaigns":false,"_monsterinsights_skip_tracking":false,"_monsterinsights_sitenote_active":false,"_monsterinsights_sitenote_note":"","_monsterinsights_sitenote_category":0,"_uf_show_specific_survey":0,"_uf_disable_surveys":false,"footnotes":""},"categories":[33],"tags":[],"class_list":{"0":"post-6147","1":"post","2":"type-post","3":"status-publish","4":"format-standard","5":"has-post-thumbnail","7":"category-politica"},"aioseo_notices":[],"_links":{"self":[{"href":"https:\/\/ilsovranista.com\/index.php?rest_route=\/wp\/v2\/posts\/6147","targetHints":{"allow":["GET"]}}],"collection":[{"href":"https:\/\/ilsovranista.com\/index.php?rest_route=\/wp\/v2\/posts"}],"about":[{"href":"https:\/\/ilsovranista.com\/index.php?rest_route=\/wp\/v2\/types\/post"}],"author":[{"embeddable":true,"href":"https:\/\/ilsovranista.com\/index.php?rest_route=\/wp\/v2\/users\/3"}],"replies":[{"embeddable":true,"href":"https:\/\/ilsovranista.com\/index.php?rest_route=%2Fwp%2Fv2%2Fcomments&post=6147"}],"version-history":[{"count":1,"href":"https:\/\/ilsovranista.com\/index.php?rest_route=\/wp\/v2\/posts\/6147\/revisions"}],"predecessor-version":[{"id":6148,"href":"https:\/\/ilsovranista.com\/index.php?rest_route=\/wp\/v2\/posts\/6147\/revisions\/6148"}],"wp:featuredmedia":[{"embeddable":true,"href":"https:\/\/ilsovranista.com\/index.php?rest_route=\/wp\/v2\/media\/3337"}],"wp:attachment":[{"href":"https:\/\/ilsovranista.com\/index.php?rest_route=%2Fwp%2Fv2%2Fmedia&parent=6147"}],"wp:term":[{"taxonomy":"category","embeddable":true,"href":"https:\/\/ilsovranista.com\/index.php?rest_route=%2Fwp%2Fv2%2Fcategories&post=6147"},{"taxonomy":"post_tag","embeddable":true,"href":"https:\/\/ilsovranista.com\/index.php?rest_route=%2Fwp%2Fv2%2Ftags&post=6147"}],"curies":[{"name":"wp","href":"https:\/\/api.w.org\/{rel}","templated":true}]}}