{"id":6145,"date":"2025-12-27T07:29:32","date_gmt":"2025-12-27T06:29:32","guid":{"rendered":"https:\/\/ilsovranista.com\/?p=6145"},"modified":"2025-12-27T07:29:32","modified_gmt":"2025-12-27T06:29:32","slug":"veneziani-vs-giuli-la-polemica-scopre-il-vaso-di-pandora-senza-quadri-formati-la-destra-non-ha-futuro","status":"publish","type":"post","link":"https:\/\/ilsovranista.com\/?p=6145","title":{"rendered":"Veneziani vs Giuli: la polemica scopre il vaso di Pandora. Senza quadri formati la destra non ha futuro"},"content":{"rendered":"<p>di\u00a0<strong>Fabrizio Fratus\u00a0<\/strong><\/p>\n<p>La polemica natalizia tra <strong>Marcello<\/strong> <strong>Veneziani<\/strong> e il Ministro <strong>Alessandro<\/strong> <strong>Giuli<\/strong> non \u00e8 che l\u2019ennesimo episodio di una commedia degli equivoci che va in scena da tre anni. Da una parte, l\u2019intellettuale che brandisce la scimitarra della coerenza; dall\u2019altra, il politico che si rifugia in un fortino di parole astruse per coprire un vuoto d\u2019azione. Ma se vogliamo analizzare la questione con lo sguardo del nostro Laboratorio, dobbiamo uscire dalla tifoseria e guardare ai fatti nudi.<\/p>\n<p><strong>Veneziani<\/strong> ha ragione nel denunciare l\u2019immobilismo, ma la sua analisi manca di realismo sistemico. Un partito che compie una traiettoria dal 3,9% al 26% in circa quattro anni subisce un\u2019inevitabile mutazione genetica: diventa una macchina elettorale senza una corrispondente accademia di governo. La verit\u00e0 \u00e8 che non ci sono i quadri.Passare dagli slogan di piazza alla gestione della burocrazia ministeriale in una democrazia parlamentare non \u00e8 un pranzo di gala. Il governo oggi agisce pi\u00f9 come una diga che come un motore: serve a bloccare l\u2019avanzata dell\u2019agenda progressista quando possibile o almeno limitarla, non ha ancora la forza (o gli uomini) per imporne una propria. La \u201cfuffa\u201d lamentata da Veneziani \u00e8 spesso il risultato di un sistema che rigetta il trapianto di un organo nuovo (burocrazia di anni gestita da democristiani e sinistra).<\/p>\n<p>Dall\u2019altra parte, la risposta di <strong>Giuli<\/strong> \u00e8 stata la prova provata del limite denunciato da Veneziani. Un Ministro della Cultura che risponde con emotivit\u00e0 scomposta, toni sconclusionati e attacchi ad personam, uno stile che definiremmo \u201calla Salvini\u201d, abdica al suo ruolo istituzionale. Noi de Il Talebano lo sosteniamo da tempo: il problema non \u00e8 solo politico, \u00e8 di preparazione culturale. Se l\u2019egemonia culturale della sinistra \u00e8 durata decenni, \u00e8 perch\u00e9 era radicata in una classe dirigente formata tecnicamente. Rispondere a Veneziani parlando di \u201cbile nera\u201d non \u00e8 fare cultura, \u00e8 fare polemica da sottoscala. Giuli ha confermato, paradossalmente, proprio ci\u00f2 che Veneziani rimprovera: una mancanza di spessore che non sia puramente estetico o terminologico.<\/p>\n<p>L\u2019intervento di <strong>Francesco Mancinelli<\/strong>, esponente su rilievo della Destra politica, su 2dipicche aggiunge un tassello fondamentale. Le mancanze, a nostro modesto parere, che Francesco sottolinea sono reali e condivise da gran parte del nostro laboratorio culturale. Tuttavia, sorge un dilemma amletico: se chi ha le idee e la visione abbandona la nave perch\u00e9 la giudica inadeguata, la nave continuer\u00e0 a navigare verso il nulla o, peggio, verso i porti dell\u2019avversario.<\/p>\n<p>Mancinelli ha ragione a gridare che \u201cil Re \u00e8 nudo\u201d, ma il lamento, se non si traduce in un presidio degli spazi, rischia di essere un esercizio di stile fine a se stesso. Comprendiamo profondamente la sua amarezza, che \u00e8 la nostra, ma restare al porto mentre la nave imbarca acqua non \u00e8 la soluzione per chi vuole davvero cambiare rotta.<\/p>\n<p>Giorgia Meloni \u00e8 l\u2019unico ufficiale di coperta che sembra sapere dove andare, ma intorno a lei spesso il deserto dei quadri \u00e8 desolante. La destra di palazzo \u00e8 nuda, s\u00ec, ma la colpa \u00e8 divisa a met\u00e0: tra chi non sa governare o non ha ancora imparato e chi, sapendolo fare (ipoteticamente), preferisce guardare il naufragio dalla riva.<\/p>\n<p>Non ci schieriamo con la \u201cbile nera\u201d n\u00e9 con il \u201cnemichettismo\u201d. Ci schieriamo con chi capisce che la battaglia culturale non si vince nei talk show, ma costruendo, pezzo dopo pezzo, quella classe dirigente che oggi, tristemente, manca all\u2019appello. Crediamo che servano due piani: quello di governo e quello parallelo in cui crescere persone che siano preparate sia a livello culturale che governativo.<\/p>\n<p>&nbsp;<\/p>\n","protected":false},"excerpt":{"rendered":"<p>di\u00a0Fabrizio Fratus\u00a0 La polemica natalizia tra Marcello Veneziani e il Ministro Alessandro Giuli non \u00e8 che l\u2019ennesimo episodio di una commedia degli equivoci che va in scena da tre anni. Da una parte, l\u2019intellettuale che brandisce la scimitarra della coerenza; dall\u2019altra, il politico che si rifugia in un fortino di parole astruse per coprire un [&hellip;]<\/p>\n","protected":false},"author":3,"featured_media":3411,"comment_status":"open","ping_status":"closed","sticky":false,"template":"","format":"standard","meta":{"om_disable_all_campaigns":false,"_monsterinsights_skip_tracking":false,"_monsterinsights_sitenote_active":false,"_monsterinsights_sitenote_note":"","_monsterinsights_sitenote_category":0,"_uf_show_specific_survey":0,"_uf_disable_surveys":false,"footnotes":""},"categories":[33],"tags":[],"class_list":{"0":"post-6145","1":"post","2":"type-post","3":"status-publish","4":"format-standard","5":"has-post-thumbnail","7":"category-politica"},"aioseo_notices":[],"_links":{"self":[{"href":"https:\/\/ilsovranista.com\/index.php?rest_route=\/wp\/v2\/posts\/6145","targetHints":{"allow":["GET"]}}],"collection":[{"href":"https:\/\/ilsovranista.com\/index.php?rest_route=\/wp\/v2\/posts"}],"about":[{"href":"https:\/\/ilsovranista.com\/index.php?rest_route=\/wp\/v2\/types\/post"}],"author":[{"embeddable":true,"href":"https:\/\/ilsovranista.com\/index.php?rest_route=\/wp\/v2\/users\/3"}],"replies":[{"embeddable":true,"href":"https:\/\/ilsovranista.com\/index.php?rest_route=%2Fwp%2Fv2%2Fcomments&post=6145"}],"version-history":[{"count":1,"href":"https:\/\/ilsovranista.com\/index.php?rest_route=\/wp\/v2\/posts\/6145\/revisions"}],"predecessor-version":[{"id":6146,"href":"https:\/\/ilsovranista.com\/index.php?rest_route=\/wp\/v2\/posts\/6145\/revisions\/6146"}],"wp:featuredmedia":[{"embeddable":true,"href":"https:\/\/ilsovranista.com\/index.php?rest_route=\/wp\/v2\/media\/3411"}],"wp:attachment":[{"href":"https:\/\/ilsovranista.com\/index.php?rest_route=%2Fwp%2Fv2%2Fmedia&parent=6145"}],"wp:term":[{"taxonomy":"category","embeddable":true,"href":"https:\/\/ilsovranista.com\/index.php?rest_route=%2Fwp%2Fv2%2Fcategories&post=6145"},{"taxonomy":"post_tag","embeddable":true,"href":"https:\/\/ilsovranista.com\/index.php?rest_route=%2Fwp%2Fv2%2Ftags&post=6145"}],"curies":[{"name":"wp","href":"https:\/\/api.w.org\/{rel}","templated":true}]}}