{"id":613,"date":"2025-01-08T05:37:38","date_gmt":"2025-01-08T04:37:38","guid":{"rendered":"https:\/\/ilsovranista.com\/?p=613"},"modified":"2025-01-08T05:41:05","modified_gmt":"2025-01-08T04:41:05","slug":"ravetto-lega-disoccupazione-ai-minimi-storici-avanti-sulla-formazione-di-giovani-e-donne","status":"publish","type":"post","link":"https:\/\/ilsovranista.com\/?p=613","title":{"rendered":"Ravetto (Lega): disoccupazione ai minimi storici, avanti sulla formazione di giovani e donne"},"content":{"rendered":"<p>&#8220;I dati certificano l&#8217;ottimo lavoro della <strong>Lega<\/strong> e di tutto il centrodestra. La disoccupazione \u00e8 ai minimi storici e nel 2024 contiamo 500.000 lavoratori a tempo indeterminato in pi\u00f9 rispetto al 2023. E&#8217; quindi soprattutto la qualit\u00e0 del lavoro a crescere. Adesso avanti sulla formazione e sulle competenze, in primis per i giovani e per le donne.&#8221;<\/p>\n<p>Lo ha dichiarato\u00a0<strong>Laura Ravetto,\u00a0<\/strong>commentando i dati Istat sull&#8217;occupazione<\/p>\n<p>&nbsp;<\/p>\n<p>&nbsp;<\/p>\n","protected":false},"excerpt":{"rendered":"<p>&#8220;I dati certificano l&#8217;ottimo lavoro della Lega e di tutto il centrodestra. La disoccupazione \u00e8 ai minimi storici e nel 2024 contiamo 500.000 lavoratori a tempo indeterminato in pi\u00f9 rispetto al 2023. E&#8217; quindi soprattutto la qualit\u00e0 del lavoro a crescere. Adesso avanti sulla formazione e sulle competenze, in primis per i giovani e per [&hellip;]<\/p>\n","protected":false},"author":3,"featured_media":615,"comment_status":"open","ping_status":"closed","sticky":false,"template":"","format":"standard","meta":{"om_disable_all_campaigns":false,"_monsterinsights_skip_tracking":false,"_monsterinsights_sitenote_active":false,"_monsterinsights_sitenote_note":"","_monsterinsights_sitenote_category":0,"_uf_show_specific_survey":0,"_uf_disable_surveys":false,"footnotes":""},"categories":[33],"tags":[],"class_list":{"0":"post-613","1":"post","2":"type-post","3":"status-publish","4":"format-standard","5":"has-post-thumbnail","7":"category-politica"},"aioseo_notices":[],"_links":{"self":[{"href":"https:\/\/ilsovranista.com\/index.php?rest_route=\/wp\/v2\/posts\/613","targetHints":{"allow":["GET"]}}],"collection":[{"href":"https:\/\/ilsovranista.com\/index.php?rest_route=\/wp\/v2\/posts"}],"about":[{"href":"https:\/\/ilsovranista.com\/index.php?rest_route=\/wp\/v2\/types\/post"}],"author":[{"embeddable":true,"href":"https:\/\/ilsovranista.com\/index.php?rest_route=\/wp\/v2\/users\/3"}],"replies":[{"embeddable":true,"href":"https:\/\/ilsovranista.com\/index.php?rest_route=%2Fwp%2Fv2%2Fcomments&post=613"}],"version-history":[{"count":1,"href":"https:\/\/ilsovranista.com\/index.php?rest_route=\/wp\/v2\/posts\/613\/revisions"}],"predecessor-version":[{"id":616,"href":"https:\/\/ilsovranista.com\/index.php?rest_route=\/wp\/v2\/posts\/613\/revisions\/616"}],"wp:featuredmedia":[{"embeddable":true,"href":"https:\/\/ilsovranista.com\/index.php?rest_route=\/wp\/v2\/media\/615"}],"wp:attachment":[{"href":"https:\/\/ilsovranista.com\/index.php?rest_route=%2Fwp%2Fv2%2Fmedia&parent=613"}],"wp:term":[{"taxonomy":"category","embeddable":true,"href":"https:\/\/ilsovranista.com\/index.php?rest_route=%2Fwp%2Fv2%2Fcategories&post=613"},{"taxonomy":"post_tag","embeddable":true,"href":"https:\/\/ilsovranista.com\/index.php?rest_route=%2Fwp%2Fv2%2Ftags&post=613"}],"curies":[{"name":"wp","href":"https:\/\/api.w.org\/{rel}","templated":true}]}}