{"id":605,"date":"2025-01-07T16:01:23","date_gmt":"2025-01-07T15:01:23","guid":{"rendered":"https:\/\/ilsovranista.com\/?p=605"},"modified":"2025-01-07T16:01:56","modified_gmt":"2025-01-07T15:01:56","slug":"festa-del-tricolore-gardini-fdi-simbolo-di-un-legame-profondo-che-unisce-gli-italiani","status":"publish","type":"post","link":"https:\/\/ilsovranista.com\/?p=605","title":{"rendered":"Festa del tricolore, Gardini (Fdi): simbolo di un legame profondo che unisce gli italiani"},"content":{"rendered":"<p>&nbsp;<\/p>\n<p>\u201cIl Tricolore \u00e8 molto pi\u00f9 di una bandiera: \u00e8 il simbolo del legame profondo che unisce gli italiani come cittadini di una grande nazione. Rappresenta coraggio, coesione e speranza, valori che ci guidano e ci ispirano. In questa giornata speciale celebriamo il Tricolore come espressione dell\u2019unit\u00e0, della democrazia e della solidariet\u00e0 che ci contraddistinguono. Il nostro vessillo \u00e8 un richiamo alla forza della comunit\u00e0: al rispetto reciproco e all\u2019impegno collettivo per costruire un futuro migliore. Ci ricorda che l\u2019Italia \u00e8 forte perch\u00e9 sa essere unita nelle sue diversit\u00e0. Celebriamo la nostra bandiera con orgoglio e impegniamoci affinch\u00e9 i valori che rappresenta continuino a illuminarci. Viva il Tricolore, viva l\u2019Italia!\u201d.<\/p>\n<p>Lo dichiara <strong>Elisabetta Gardini<\/strong>, vice capogruppo di <strong>Fratelli<\/strong> <strong>d&#8217;Italia<\/strong> alla Camera dei Deputati<\/p>\n","protected":false},"excerpt":{"rendered":"<p>&nbsp; \u201cIl Tricolore \u00e8 molto pi\u00f9 di una bandiera: \u00e8 il simbolo del legame profondo che unisce gli italiani come cittadini di una grande nazione. Rappresenta coraggio, coesione e speranza, valori che ci guidano e ci ispirano. In questa giornata speciale celebriamo il Tricolore come espressione dell\u2019unit\u00e0, della democrazia e della solidariet\u00e0 che ci contraddistinguono. [&hellip;]<\/p>\n","protected":false},"author":3,"featured_media":606,"comment_status":"open","ping_status":"closed","sticky":false,"template":"","format":"standard","meta":{"om_disable_all_campaigns":false,"_monsterinsights_skip_tracking":false,"_monsterinsights_sitenote_active":false,"_monsterinsights_sitenote_note":"","_monsterinsights_sitenote_category":0,"_uf_show_specific_survey":0,"_uf_disable_surveys":false,"footnotes":""},"categories":[33],"tags":[],"class_list":{"0":"post-605","1":"post","2":"type-post","3":"status-publish","4":"format-standard","5":"has-post-thumbnail","7":"category-politica"},"aioseo_notices":[],"_links":{"self":[{"href":"https:\/\/ilsovranista.com\/index.php?rest_route=\/wp\/v2\/posts\/605","targetHints":{"allow":["GET"]}}],"collection":[{"href":"https:\/\/ilsovranista.com\/index.php?rest_route=\/wp\/v2\/posts"}],"about":[{"href":"https:\/\/ilsovranista.com\/index.php?rest_route=\/wp\/v2\/types\/post"}],"author":[{"embeddable":true,"href":"https:\/\/ilsovranista.com\/index.php?rest_route=\/wp\/v2\/users\/3"}],"replies":[{"embeddable":true,"href":"https:\/\/ilsovranista.com\/index.php?rest_route=%2Fwp%2Fv2%2Fcomments&post=605"}],"version-history":[{"count":2,"href":"https:\/\/ilsovranista.com\/index.php?rest_route=\/wp\/v2\/posts\/605\/revisions"}],"predecessor-version":[{"id":608,"href":"https:\/\/ilsovranista.com\/index.php?rest_route=\/wp\/v2\/posts\/605\/revisions\/608"}],"wp:featuredmedia":[{"embeddable":true,"href":"https:\/\/ilsovranista.com\/index.php?rest_route=\/wp\/v2\/media\/606"}],"wp:attachment":[{"href":"https:\/\/ilsovranista.com\/index.php?rest_route=%2Fwp%2Fv2%2Fmedia&parent=605"}],"wp:term":[{"taxonomy":"category","embeddable":true,"href":"https:\/\/ilsovranista.com\/index.php?rest_route=%2Fwp%2Fv2%2Fcategories&post=605"},{"taxonomy":"post_tag","embeddable":true,"href":"https:\/\/ilsovranista.com\/index.php?rest_route=%2Fwp%2Fv2%2Ftags&post=605"}],"curies":[{"name":"wp","href":"https:\/\/api.w.org\/{rel}","templated":true}]}}