{"id":594,"date":"2025-01-07T15:49:20","date_gmt":"2025-01-07T14:49:20","guid":{"rendered":"https:\/\/ilsovranista.com\/?p=594"},"modified":"2025-01-07T15:49:20","modified_gmt":"2025-01-07T14:49:20","slug":"il-veneto-in-mano-a-fratelli-ditalia-che-vuole-il-cambio-di-governatore","status":"publish","type":"post","link":"https:\/\/ilsovranista.com\/?p=594","title":{"rendered":"Il Veneto in mano a Fratelli d\u2019Italia che vuole il cambio di governatore."},"content":{"rendered":"<div class=\"content-wrapper\">\n<div class=\"sp sgl\">\n<div class=\"sp-cnt\">\n<div class=\"cntr\">\n<div class=\"sp-rl\">\n<div class=\"sp-rt\">\n<div class=\"cntn-wrp artl-cnt\">\n<p>Fonte La Nuova Padania<\/p>\n<p>Il nodo del terzo mandato \u201csarebbe stato possibile interagire in Parlamento con una proposta di legge, magari da parte della Lega\u201d. A dirlo, in una intervista a La Stampa il ministro per i Rapporti col Parlamento Luca Ciriani, rispondendo a una domanda sull\u2019impugnativa del governo della legge campana votata il 5 novembre scorso che crea i presupposti per la ricandidatura di Vincenzo De Luca.<\/p>\n<p>\u201cLa Lega qualche mese fa ha preferito muoversi con un blitz in Commissione provando a inserirlo all\u2019interno di un decreto su cui si \u00e8 poi espresso il Parlamento \u2013 aggiunge \u2013 ora \u00e8 difficile tornare indietro e aggirare la volont\u00e0 dell\u2019Aula con ricorsi , cavilli vari o altre invenzioni come fa la Campania. Trovo che sia poco serio\u201d.<\/p>\n<p>In Veneto sar\u00e0 FdI a scegliere il candidato? \u201cCi sono dei dati oggettivi. Il centrodestra vince unito. Poi, pur non volendo mostrare atteggiamenti ultimativi, FdI nel Nord-Est \u00e8 stato di gran lunga il primo partito. Mi pare impossibile pensare che non tocchi a noi indicare il nome\u201d. Matteo Salvini vuole far slittare il voto al 2026? \u201cNon capisco su quali basi giuridiche\u201d, la risposta di Ciriani. Quanto al pressante del leader del Carroccio per tornare al Viminale, \u201cil rimpasto non \u00e8 all\u2019ordine del giorno. Per quanto riguarda i sottosegretari invece, prima arrivano e meglio \u00e8\u201d.<\/p>\n<p>Rispetto al simbolo di FdI, \u201cgi\u00e0 tempo fa ho detto che non \u00e8 una questione di oggi o domani. La mia riflessione \u00e8 un\u2019altra. Io ritengo che l\u2019eliminazione della fiamma sia un\u2019evoluzione naturale del nostro mondo in un futuro neanche troppo lontano. Non ce lo imporr\u00e0 nessuno, ovviamente, ma \u00e8 una questione che verr\u00e0 avanti perch\u00e9 il contesto europeo ci spinger\u00e0 in questa direzione. I tempi devono maturare interessa relativamente perch\u00e9 quanto conta \u00e8 la politica. Lo dice uno che quella fiamma l\u2019ha difesa, amata, ha puro rischiato, ma a differenza di altri non l\u2019ha mai tradita saltando da un partito all\u2019altro \u2018 che bisogna avere radici profonde e sguardo al futuro altrimenti non si fa una politica coraggiosa, si fa testimonianza.<\/p>\n<ul>\n<li><\/li>\n<\/ul>\n<\/div>\n<div class=\"amp-wp-content\"><\/div>\n<div class=\"amp-author \">\n<div class=\"amp-author-image \"><\/div>\n<\/div>\n<\/div>\n<\/div>\n<\/div>\n<\/div>\n<\/div>\n<\/div>\n<p>&nbsp;<\/p>\n","protected":false},"excerpt":{"rendered":"<p>Fonte La Nuova Padania Il nodo del terzo mandato \u201csarebbe stato possibile interagire in Parlamento con una proposta di legge, magari da parte della Lega\u201d. A dirlo, in una intervista a La Stampa il ministro per i Rapporti col Parlamento Luca Ciriani, rispondendo a una domanda sull\u2019impugnativa del governo della legge campana votata il 5 [&hellip;]<\/p>\n","protected":false},"author":3,"featured_media":600,"comment_status":"open","ping_status":"closed","sticky":false,"template":"","format":"standard","meta":{"om_disable_all_campaigns":false,"_monsterinsights_skip_tracking":false,"_monsterinsights_sitenote_active":false,"_monsterinsights_sitenote_note":"","_monsterinsights_sitenote_category":0,"_uf_show_specific_survey":0,"_uf_disable_surveys":false,"footnotes":""},"categories":[33],"tags":[],"class_list":{"0":"post-594","1":"post","2":"type-post","3":"status-publish","4":"format-standard","5":"has-post-thumbnail","7":"category-politica"},"aioseo_notices":[],"_links":{"self":[{"href":"https:\/\/ilsovranista.com\/index.php?rest_route=\/wp\/v2\/posts\/594","targetHints":{"allow":["GET"]}}],"collection":[{"href":"https:\/\/ilsovranista.com\/index.php?rest_route=\/wp\/v2\/posts"}],"about":[{"href":"https:\/\/ilsovranista.com\/index.php?rest_route=\/wp\/v2\/types\/post"}],"author":[{"embeddable":true,"href":"https:\/\/ilsovranista.com\/index.php?rest_route=\/wp\/v2\/users\/3"}],"replies":[{"embeddable":true,"href":"https:\/\/ilsovranista.com\/index.php?rest_route=%2Fwp%2Fv2%2Fcomments&post=594"}],"version-history":[{"count":2,"href":"https:\/\/ilsovranista.com\/index.php?rest_route=\/wp\/v2\/posts\/594\/revisions"}],"predecessor-version":[{"id":601,"href":"https:\/\/ilsovranista.com\/index.php?rest_route=\/wp\/v2\/posts\/594\/revisions\/601"}],"wp:featuredmedia":[{"embeddable":true,"href":"https:\/\/ilsovranista.com\/index.php?rest_route=\/wp\/v2\/media\/600"}],"wp:attachment":[{"href":"https:\/\/ilsovranista.com\/index.php?rest_route=%2Fwp%2Fv2%2Fmedia&parent=594"}],"wp:term":[{"taxonomy":"category","embeddable":true,"href":"https:\/\/ilsovranista.com\/index.php?rest_route=%2Fwp%2Fv2%2Fcategories&post=594"},{"taxonomy":"post_tag","embeddable":true,"href":"https:\/\/ilsovranista.com\/index.php?rest_route=%2Fwp%2Fv2%2Ftags&post=594"}],"curies":[{"name":"wp","href":"https:\/\/api.w.org\/{rel}","templated":true}]}}