{"id":5914,"date":"2025-12-03T07:56:41","date_gmt":"2025-12-03T06:56:41","guid":{"rendered":"https:\/\/ilsovranista.com\/?p=5914"},"modified":"2025-12-03T07:56:41","modified_gmt":"2025-12-03T06:56:41","slug":"inps-cerreto-fdi-dati-lavoro-straordinari-aumenta-occupazione-grazie-alle-politiche-del-governo-meloni","status":"publish","type":"post","link":"https:\/\/ilsovranista.com\/?p=5914","title":{"rendered":"INPS, Cerreto (FdI): dati lavoro straordinari, aumenta occupazione grazie alle politiche del Governo Meloni"},"content":{"rendered":"<p>&#8220;I nuovi dati diffusi oggi dall\u2019Istat confermano con forza ci\u00f2 che gli italiani stanno percependo, ovvero che le politiche del governo Meloni funzionano e il Paese sta cambiando passo. A ottobre l\u2019occupazione cresce di altre 75mila unit\u00e0, portando il tasso al 62,7%. L\u2019Italia lavora di pi\u00f9, e lo fa con maggiore stabilit\u00e0. Ancora pi\u00f9 significativo il confronto annuo, rispetto a ottobre 2024 ci sono 224mila occupati in pi\u00f9, un incremento trainato sia dai lavoratori permanenti che dagli autonomi. Il totale degli occupati raggiunge quota 24 milioni 208mila, segno di un sistema produttivo che ritrova fiducia e dinamismo. Il quadro \u00e8 rafforzato dal calo della disoccupazione, ad ottobre il tasso scende al 6%, mentre quello giovanile scende sotto la soglia del 20%. Questi sono indicatori che raccontano un\u2019Italia pi\u00f9 solida, pi\u00f9 ottimista finalmente in movimento dopo decenni di pessima gestione della cosa pubblica. Questi numeri confermano che la strada intrapresa dal governo Meloni \u00e8 quella giusta. L\u2019Italia, nonostante ci sia chi fra le opposizioni la vorrebbe in decrescita, torna protagonista grazie a politiche che mettono al centro il lavoro, le imprese e il futuro del Paese\u201d.<\/p>\n<p>Lo dichiara\u00a0<strong>Marco Cerreto <\/strong>\u00a0deputato di Fratelli d\u2019Italia e capogruppo in Commissione Agricoltura.<\/p>\n","protected":false},"excerpt":{"rendered":"<p>&#8220;I nuovi dati diffusi oggi dall\u2019Istat confermano con forza ci\u00f2 che gli italiani stanno percependo, ovvero che le politiche del governo Meloni funzionano e il Paese sta cambiando passo. A ottobre l\u2019occupazione cresce di altre 75mila unit\u00e0, portando il tasso al 62,7%. L\u2019Italia lavora di pi\u00f9, e lo fa con maggiore stabilit\u00e0. Ancora pi\u00f9 significativo [&hellip;]<\/p>\n","protected":false},"author":3,"featured_media":1948,"comment_status":"open","ping_status":"closed","sticky":false,"template":"","format":"standard","meta":{"om_disable_all_campaigns":false,"_monsterinsights_skip_tracking":false,"_monsterinsights_sitenote_active":false,"_monsterinsights_sitenote_note":"","_monsterinsights_sitenote_category":0,"_uf_show_specific_survey":0,"_uf_disable_surveys":false,"footnotes":""},"categories":[33],"tags":[],"class_list":{"0":"post-5914","1":"post","2":"type-post","3":"status-publish","4":"format-standard","5":"has-post-thumbnail","7":"category-politica"},"aioseo_notices":[],"_links":{"self":[{"href":"https:\/\/ilsovranista.com\/index.php?rest_route=\/wp\/v2\/posts\/5914","targetHints":{"allow":["GET"]}}],"collection":[{"href":"https:\/\/ilsovranista.com\/index.php?rest_route=\/wp\/v2\/posts"}],"about":[{"href":"https:\/\/ilsovranista.com\/index.php?rest_route=\/wp\/v2\/types\/post"}],"author":[{"embeddable":true,"href":"https:\/\/ilsovranista.com\/index.php?rest_route=\/wp\/v2\/users\/3"}],"replies":[{"embeddable":true,"href":"https:\/\/ilsovranista.com\/index.php?rest_route=%2Fwp%2Fv2%2Fcomments&post=5914"}],"version-history":[{"count":1,"href":"https:\/\/ilsovranista.com\/index.php?rest_route=\/wp\/v2\/posts\/5914\/revisions"}],"predecessor-version":[{"id":5915,"href":"https:\/\/ilsovranista.com\/index.php?rest_route=\/wp\/v2\/posts\/5914\/revisions\/5915"}],"wp:featuredmedia":[{"embeddable":true,"href":"https:\/\/ilsovranista.com\/index.php?rest_route=\/wp\/v2\/media\/1948"}],"wp:attachment":[{"href":"https:\/\/ilsovranista.com\/index.php?rest_route=%2Fwp%2Fv2%2Fmedia&parent=5914"}],"wp:term":[{"taxonomy":"category","embeddable":true,"href":"https:\/\/ilsovranista.com\/index.php?rest_route=%2Fwp%2Fv2%2Fcategories&post=5914"},{"taxonomy":"post_tag","embeddable":true,"href":"https:\/\/ilsovranista.com\/index.php?rest_route=%2Fwp%2Fv2%2Ftags&post=5914"}],"curies":[{"name":"wp","href":"https:\/\/api.w.org\/{rel}","templated":true}]}}