{"id":5912,"date":"2025-12-03T07:50:35","date_gmt":"2025-12-03T06:50:35","guid":{"rendered":"https:\/\/ilsovranista.com\/?p=5912"},"modified":"2025-12-03T07:50:35","modified_gmt":"2025-12-03T06:50:35","slug":"lavoro-meloni-esulta-tasso-di-occupazione-al-627","status":"publish","type":"post","link":"https:\/\/ilsovranista.com\/?p=5912","title":{"rendered":"Lavoro, Meloni esulta: tasso di occupazione al 62,7%"},"content":{"rendered":"<p>&#8220;L\u2019Istat certifica un nuovo massimo storico per l\u2019occupazione: 62,7% il tasso registrato a ottobre e 24.208.000 gli occupati, numeri che la nostra Nazione non aveva mai raggiunto da quando esistono le rilevazioni.Continua anche la diminuzione della disoccupazione.Sono dati che confermano la fiducia che arriva dal mondo del lavoro e dalle nostre imprese, e che incoraggiano a proseguire con seriet\u00e0 sulle politiche che sostengono occupazione e crescita&#8221;.<\/p>\n<p>Lo scrive su X il premier\u00a0<strong>Giorgia Meloni\u00a0<\/strong>precisando: &#8220;continuiamo su questa strada: pi\u00f9 opportunit\u00e0, pi\u00f9 crescita, pi\u00f9 futuro&#8221;.<\/p>\n","protected":false},"excerpt":{"rendered":"<p>&#8220;L\u2019Istat certifica un nuovo massimo storico per l\u2019occupazione: 62,7% il tasso registrato a ottobre e 24.208.000 gli occupati, numeri che la nostra Nazione non aveva mai raggiunto da quando esistono le rilevazioni.Continua anche la diminuzione della disoccupazione.Sono dati che confermano la fiducia che arriva dal mondo del lavoro e dalle nostre imprese, e che incoraggiano [&hellip;]<\/p>\n","protected":false},"author":3,"featured_media":4720,"comment_status":"open","ping_status":"closed","sticky":false,"template":"","format":"standard","meta":{"om_disable_all_campaigns":false,"_monsterinsights_skip_tracking":false,"_monsterinsights_sitenote_active":false,"_monsterinsights_sitenote_note":"","_monsterinsights_sitenote_category":0,"_uf_show_specific_survey":0,"_uf_disable_surveys":false,"footnotes":""},"categories":[33],"tags":[],"class_list":{"0":"post-5912","1":"post","2":"type-post","3":"status-publish","4":"format-standard","5":"has-post-thumbnail","7":"category-politica"},"aioseo_notices":[],"_links":{"self":[{"href":"https:\/\/ilsovranista.com\/index.php?rest_route=\/wp\/v2\/posts\/5912","targetHints":{"allow":["GET"]}}],"collection":[{"href":"https:\/\/ilsovranista.com\/index.php?rest_route=\/wp\/v2\/posts"}],"about":[{"href":"https:\/\/ilsovranista.com\/index.php?rest_route=\/wp\/v2\/types\/post"}],"author":[{"embeddable":true,"href":"https:\/\/ilsovranista.com\/index.php?rest_route=\/wp\/v2\/users\/3"}],"replies":[{"embeddable":true,"href":"https:\/\/ilsovranista.com\/index.php?rest_route=%2Fwp%2Fv2%2Fcomments&post=5912"}],"version-history":[{"count":1,"href":"https:\/\/ilsovranista.com\/index.php?rest_route=\/wp\/v2\/posts\/5912\/revisions"}],"predecessor-version":[{"id":5913,"href":"https:\/\/ilsovranista.com\/index.php?rest_route=\/wp\/v2\/posts\/5912\/revisions\/5913"}],"wp:featuredmedia":[{"embeddable":true,"href":"https:\/\/ilsovranista.com\/index.php?rest_route=\/wp\/v2\/media\/4720"}],"wp:attachment":[{"href":"https:\/\/ilsovranista.com\/index.php?rest_route=%2Fwp%2Fv2%2Fmedia&parent=5912"}],"wp:term":[{"taxonomy":"category","embeddable":true,"href":"https:\/\/ilsovranista.com\/index.php?rest_route=%2Fwp%2Fv2%2Fcategories&post=5912"},{"taxonomy":"post_tag","embeddable":true,"href":"https:\/\/ilsovranista.com\/index.php?rest_route=%2Fwp%2Fv2%2Ftags&post=5912"}],"curies":[{"name":"wp","href":"https:\/\/api.w.org\/{rel}","templated":true}]}}