{"id":5909,"date":"2025-12-02T13:15:08","date_gmt":"2025-12-02T12:15:08","guid":{"rendered":"https:\/\/ilsovranista.com\/?p=5909"},"modified":"2025-12-02T13:15:08","modified_gmt":"2025-12-02T12:15:08","slug":"ceccardi-cisnit-e-sardone-lega-lancianocampagna-a-difesa-delle-radici-cristiane","status":"publish","type":"post","link":"https:\/\/ilsovranista.com\/?p=5909","title":{"rendered":"Ceccardi, Cisnit e Sardone (Lega) lancianocampagna a difesa delle radici cristiane"},"content":{"rendered":"<p>&#8216;Ci opponiamo alla sistematica cancellazione delle radici cristiane&#8221;. Lo dichiarano le eurodeputate della Lega <strong>Cisint,<\/strong> <strong>Ceccardi<\/strong> e <strong>Sardone<\/strong>, annunciando il lancio di una campagna a difesa delle radici cristiane.<\/p>\n<p>Da Roma a Trieste, da Pisa a Milano, saranno affissi dei manifesti con l&#8217;immagine del presepe tradizionale.<\/p>\n<p>&#8220;Vogliono cancellare il Natale mediante una vera e propria strategia di annullamento dei simboli che rappresentano le nostre radici cristiane &#8211; spiega Anna Maria Cisint -. Una campagna portata avanti in ogni angolo d&#8217;Europa, dalla sinistra e dai gruppi pro-Palestina, spesso con l&#8217;uso della violenza, fino a raggiungere il vero obiettivo: la sovversione del sistema democratico con l&#8217;imposizione della &#8216;Sharia&#8217;. Per opporci a tutto ci\u00f2, insieme alle colleghe Sardone e Ceccardi, lanciamo una campagna a difesa delle nostre tradizioni.<\/p>\n<p>Questo manifesto &#8211; aggiunge Susanna Ceccardi &#8211; \u00e8 innanzitutto un augurio di Buon Natale, con una presa di posizione chiara: difendere le nostre tradizioni significa difendere ci\u00f2 che siamo. Sulla Grand Place di Bruxelles oscurano i volti di Ges\u00f9 e Maria, per alimentare l&#8217;ennesima follia del politicamente corretto. A Genova, il comune lo cancella. Non bastasse, in una scuola toscana si arriva perfino a vietare di nominare Ges\u00f9 nella recita di Natale. Siamo di fronte a un attacco sistematico&#8221;.<\/p>\n<p>La Lega \u00e8 l&#8217;unico partito che difende, in maniera attiva, le nostre tradizioni dall&#8217;attacco continuo di chi, in nome del politicamente corretto, vuole imporci un&#8217;integrazione al contrario. L&#8217;islamizzazione del nostro continente&#8221;, dichiara Silvia Sardone, vice segretario della Lega ed europarlamentare.<\/p>\n<p>&#8220;Prende forza anche da questi fenomeni di arretramento sulla nostra identit\u00e0 culturale. Ogni giorno assistiamo a episodi preoccupanti e allucinanti di censura di simboli religiosi, di cancellazione del Natale in senso cristiano, di calpestamento dei nostri valori &#8211; prosegue Sardone &#8211; La sinistra che, per anni, ci ha venduto la necessit\u00e0 di una societ\u00e0 e di una scuola laica \u00e8, poi, la prima a sostenere gli istituti scolastici chiusi per il ramadan o i corsi di velo islamico per le studentesse. Noi non ci vogliamo piegare a un&#8217;idea di inclusione che preveda la fine di ci\u00f2 che siamo, per aprirci alla societ\u00e0 multietnica&#8221;.<\/p>\n<p>&nbsp;<\/p>\n","protected":false},"excerpt":{"rendered":"<p>&#8216;Ci opponiamo alla sistematica cancellazione delle radici cristiane&#8221;. Lo dichiarano le eurodeputate della Lega Cisint, Ceccardi e Sardone, annunciando il lancio di una campagna a difesa delle radici cristiane. Da Roma a Trieste, da Pisa a Milano, saranno affissi dei manifesti con l&#8217;immagine del presepe tradizionale. &#8220;Vogliono cancellare il Natale mediante una vera e propria [&hellip;]<\/p>\n","protected":false},"author":3,"featured_media":5910,"comment_status":"open","ping_status":"closed","sticky":false,"template":"","format":"standard","meta":{"om_disable_all_campaigns":false,"_monsterinsights_skip_tracking":false,"_monsterinsights_sitenote_active":false,"_monsterinsights_sitenote_note":"","_monsterinsights_sitenote_category":0,"_uf_show_specific_survey":0,"_uf_disable_surveys":false,"footnotes":""},"categories":[33],"tags":[],"class_list":{"0":"post-5909","1":"post","2":"type-post","3":"status-publish","4":"format-standard","5":"has-post-thumbnail","7":"category-politica"},"aioseo_notices":[],"_links":{"self":[{"href":"https:\/\/ilsovranista.com\/index.php?rest_route=\/wp\/v2\/posts\/5909","targetHints":{"allow":["GET"]}}],"collection":[{"href":"https:\/\/ilsovranista.com\/index.php?rest_route=\/wp\/v2\/posts"}],"about":[{"href":"https:\/\/ilsovranista.com\/index.php?rest_route=\/wp\/v2\/types\/post"}],"author":[{"embeddable":true,"href":"https:\/\/ilsovranista.com\/index.php?rest_route=\/wp\/v2\/users\/3"}],"replies":[{"embeddable":true,"href":"https:\/\/ilsovranista.com\/index.php?rest_route=%2Fwp%2Fv2%2Fcomments&post=5909"}],"version-history":[{"count":1,"href":"https:\/\/ilsovranista.com\/index.php?rest_route=\/wp\/v2\/posts\/5909\/revisions"}],"predecessor-version":[{"id":5911,"href":"https:\/\/ilsovranista.com\/index.php?rest_route=\/wp\/v2\/posts\/5909\/revisions\/5911"}],"wp:featuredmedia":[{"embeddable":true,"href":"https:\/\/ilsovranista.com\/index.php?rest_route=\/wp\/v2\/media\/5910"}],"wp:attachment":[{"href":"https:\/\/ilsovranista.com\/index.php?rest_route=%2Fwp%2Fv2%2Fmedia&parent=5909"}],"wp:term":[{"taxonomy":"category","embeddable":true,"href":"https:\/\/ilsovranista.com\/index.php?rest_route=%2Fwp%2Fv2%2Fcategories&post=5909"},{"taxonomy":"post_tag","embeddable":true,"href":"https:\/\/ilsovranista.com\/index.php?rest_route=%2Fwp%2Fv2%2Ftags&post=5909"}],"curies":[{"name":"wp","href":"https:\/\/api.w.org\/{rel}","templated":true}]}}