{"id":5900,"date":"2025-12-01T19:54:02","date_gmt":"2025-12-01T18:54:02","guid":{"rendered":"https:\/\/ilsovranista.com\/?p=5900"},"modified":"2025-12-01T19:54:02","modified_gmt":"2025-12-01T18:54:02","slug":"salerno-ricorda-con-un-convegno-luomo-il-politico-lamministratore-cesare-festa","status":"publish","type":"post","link":"https:\/\/ilsovranista.com\/?p=5900","title":{"rendered":"Salerno ricorda con un convegno l&#8217;uomo il politico, l&#8217;amministratore Cesare Festa"},"content":{"rendered":"<p>Il 7 dicembre di due anni fa, andava oltre <strong>Cesare Festa<\/strong>, storico esponente della destra salernitana consigliere comunale e provinciale nonch\u00e9 sindaco di Pisciotta.<\/p>\n<p>Nel secondo anniversario della scomparsa l&#8217;associazione identitaria Sociali e Identitari ed Indipendenza hanno organizzato un convegno con interventi dell&#8217;avvocato Livio Apicella, di Corrado Lucibello e del dottor Angelo Retta, che con una nota congiunta ci ricordano chi era Cesare Festa.<\/p>\n<p>&#8221; Festa storico esponente della destra salernitana, \u00e8 stato consigliere comunale nel capoluogo di provincia dal 1988 al 1990, con il Movimento Sociale Italiano. In seguito ha ricoperto lo stesso ruolo dal 1997 al 2001 e dal 2001 al 2005 con Alleanza Nazionale. Dal 2005 al 2011, invece, \u00e8 stato sindaco di Pisciotta. HA ricoperto anche la carica di consigliere provinciale. Appartenente alla corrente rautiana \u00e8 stato un Militante appassionato, uomo di grande cultura, ha dedicato tutte le sue energie alla causa della destra. Dirigente politico di primo piano ha segnato la storia del Msi in tutta la provincia di Salerno. E\u2019 stato vittima di un grave errore giudiziario quando venne accusato dalla Procura di Vallo della Lucania e fu ristretto, per 11 giorni, agli arresti domiciliari e poi assolto \u2013 in tutti i processi che lo videro protagonista \u2013 con formula piena. Tant\u2019\u00e8 che ottenne anche un risarcimento per ingiusta detenzione.<\/p>\n<p>La comunit\u00e0 militante salernitana, venerd\u00ec 5 dicembre dalle ore 18:00 presso la Sala Bottiglieri della Provincia di Salerno, ne ricorder\u00e0 le qualit\u00e0 umane e l\u2019impegno politico-amministrativo.&#8221;<\/p>\n<p>.<\/p>\n","protected":false},"excerpt":{"rendered":"<p>Il 7 dicembre di due anni fa, andava oltre Cesare Festa, storico esponente della destra salernitana consigliere comunale e provinciale nonch\u00e9 sindaco di Pisciotta. Nel secondo anniversario della scomparsa l&#8217;associazione identitaria Sociali e Identitari ed Indipendenza hanno organizzato un convegno con interventi dell&#8217;avvocato Livio Apicella, di Corrado Lucibello e del dottor Angelo Retta, che con [&hellip;]<\/p>\n","protected":false},"author":3,"featured_media":5901,"comment_status":"open","ping_status":"closed","sticky":false,"template":"","format":"standard","meta":{"om_disable_all_campaigns":false,"_monsterinsights_skip_tracking":false,"_monsterinsights_sitenote_active":false,"_monsterinsights_sitenote_note":"","_monsterinsights_sitenote_category":0,"_uf_show_specific_survey":0,"_uf_disable_surveys":false,"footnotes":""},"categories":[33],"tags":[],"class_list":{"0":"post-5900","1":"post","2":"type-post","3":"status-publish","4":"format-standard","5":"has-post-thumbnail","7":"category-politica"},"aioseo_notices":[],"_links":{"self":[{"href":"https:\/\/ilsovranista.com\/index.php?rest_route=\/wp\/v2\/posts\/5900","targetHints":{"allow":["GET"]}}],"collection":[{"href":"https:\/\/ilsovranista.com\/index.php?rest_route=\/wp\/v2\/posts"}],"about":[{"href":"https:\/\/ilsovranista.com\/index.php?rest_route=\/wp\/v2\/types\/post"}],"author":[{"embeddable":true,"href":"https:\/\/ilsovranista.com\/index.php?rest_route=\/wp\/v2\/users\/3"}],"replies":[{"embeddable":true,"href":"https:\/\/ilsovranista.com\/index.php?rest_route=%2Fwp%2Fv2%2Fcomments&post=5900"}],"version-history":[{"count":1,"href":"https:\/\/ilsovranista.com\/index.php?rest_route=\/wp\/v2\/posts\/5900\/revisions"}],"predecessor-version":[{"id":5904,"href":"https:\/\/ilsovranista.com\/index.php?rest_route=\/wp\/v2\/posts\/5900\/revisions\/5904"}],"wp:featuredmedia":[{"embeddable":true,"href":"https:\/\/ilsovranista.com\/index.php?rest_route=\/wp\/v2\/media\/5901"}],"wp:attachment":[{"href":"https:\/\/ilsovranista.com\/index.php?rest_route=%2Fwp%2Fv2%2Fmedia&parent=5900"}],"wp:term":[{"taxonomy":"category","embeddable":true,"href":"https:\/\/ilsovranista.com\/index.php?rest_route=%2Fwp%2Fv2%2Fcategories&post=5900"},{"taxonomy":"post_tag","embeddable":true,"href":"https:\/\/ilsovranista.com\/index.php?rest_route=%2Fwp%2Fv2%2Ftags&post=5900"}],"curies":[{"name":"wp","href":"https:\/\/api.w.org\/{rel}","templated":true}]}}