{"id":5888,"date":"2025-12-01T07:23:57","date_gmt":"2025-12-01T06:23:57","guid":{"rendered":"https:\/\/ilsovranista.com\/?p=5888"},"modified":"2025-12-01T07:23:57","modified_gmt":"2025-12-01T06:23:57","slug":"regionali-2025-carpentieri-fdi-perso-con-onore-i-vertici-hanno-puntato-su-un-altro","status":"publish","type":"post","link":"https:\/\/ilsovranista.com\/?p=5888","title":{"rendered":"Regionali 2025, Carpentieri (FdI):  perso con onore, i vertici hanno puntato su un altro"},"content":{"rendered":"<p>Commenta, con una nota aspramente polemica il proprio risultato elettorale,\u00a0<strong>Nunzio Carpentieri,\u00a0<\/strong>consigliere regionale uscente di <strong>Fratelli<\/strong> <strong>d&#8217;Italia<\/strong> e primo dei non eletti in questa tornata elettorale dichiarando: &#8221; e&#8217;un numero enorme di voti. Che sono persone, amministratori locali, militanti, cittadini comuni, donne e uomini che hanno scelto di scrivere il mio nome sulla scheda elettorale. Un numero che \u00e8 il segno pi\u00f9 bello ed evidente dell\u2019affetto e della stima che nutrite nei miei confronti e, insieme, il riconoscimento pi\u00f9 prezioso del lavoro di tutti questi anni. Per questo, vi dico grazie, dal pi\u00f9 profondo del mio cuore. Tuttavia, pur se tantissimi, tutti questi voti non sono stati sufficienti alla mia rielezione in Consiglio regionale&#8221;. Nel suo commento social, Carpentieri non risparmia una critica ai vertici di <strong>FdI<\/strong> che, com\u2019\u00e8 noto, hanno sostenuto a tutti i livelli Giuseppe Fabbricatore, ex presidente provinciale del partito e da sempre fedelissimo del vice ministro Edmondo Cirielli, quest\u2019ultimo sconfitto da Roberto Fico lo scorso weekend nelle urne.<\/p>\n<p>\u201cLa verit\u00e0,precisa Carpentieri ,\u00e8 che, chi mi ha superato, ha potuto contare sul sostegno compatto di un partito che, attraverso i suoi vertici territoriali e attraverso alcuni autorevoli rappresentanti delle istituzioni, ha deciso di fare una scelta chiara e netta: abbandonare chi in questi anni lo ha rappresentato con coerenza e lealt\u00e0 in Consiglio regionale e sul territorio. \u00c8 una scelta legittima ma che, inutile negarlo, mi amareggia profondamente, perch\u00e9 basata su una logica perversa, che non tiene conto di alcuna valutazione n\u00e9 di merito n\u00e9 di metodo. Ne prendo atto, dunque, riservandomi tutte le valutazioni che questa scelta inevitabilmente comporta. Io non ho nulla da rimproverarmi, se non forse di essere stato sempre troppo corretto, leale e coerente. Insomma, abbiamo perso s\u00ec, ma con onore. Grazie ancora a chi ha scelto di combattere al mio fianco. \u00c8 stata comunque un\u2019avventura straordinaria, che di certo non finisce qui. Continueremo a camminare insieme. Sempre dritto al cuore.<\/p>\n<p>&nbsp;<\/p>\n","protected":false},"excerpt":{"rendered":"<p>Commenta, con una nota aspramente polemica il proprio risultato elettorale,\u00a0Nunzio Carpentieri,\u00a0consigliere regionale uscente di Fratelli d&#8217;Italia e primo dei non eletti in questa tornata elettorale dichiarando: &#8221; e&#8217;un numero enorme di voti. Che sono persone, amministratori locali, militanti, cittadini comuni, donne e uomini che hanno scelto di scrivere il mio nome sulla scheda elettorale. Un [&hellip;]<\/p>\n","protected":false},"author":3,"featured_media":5889,"comment_status":"open","ping_status":"closed","sticky":false,"template":"","format":"standard","meta":{"om_disable_all_campaigns":false,"_monsterinsights_skip_tracking":false,"_monsterinsights_sitenote_active":false,"_monsterinsights_sitenote_note":"","_monsterinsights_sitenote_category":0,"_uf_show_specific_survey":0,"_uf_disable_surveys":false,"footnotes":""},"categories":[33],"tags":[],"class_list":{"0":"post-5888","1":"post","2":"type-post","3":"status-publish","4":"format-standard","5":"has-post-thumbnail","7":"category-politica"},"aioseo_notices":[],"_links":{"self":[{"href":"https:\/\/ilsovranista.com\/index.php?rest_route=\/wp\/v2\/posts\/5888","targetHints":{"allow":["GET"]}}],"collection":[{"href":"https:\/\/ilsovranista.com\/index.php?rest_route=\/wp\/v2\/posts"}],"about":[{"href":"https:\/\/ilsovranista.com\/index.php?rest_route=\/wp\/v2\/types\/post"}],"author":[{"embeddable":true,"href":"https:\/\/ilsovranista.com\/index.php?rest_route=\/wp\/v2\/users\/3"}],"replies":[{"embeddable":true,"href":"https:\/\/ilsovranista.com\/index.php?rest_route=%2Fwp%2Fv2%2Fcomments&post=5888"}],"version-history":[{"count":1,"href":"https:\/\/ilsovranista.com\/index.php?rest_route=\/wp\/v2\/posts\/5888\/revisions"}],"predecessor-version":[{"id":5890,"href":"https:\/\/ilsovranista.com\/index.php?rest_route=\/wp\/v2\/posts\/5888\/revisions\/5890"}],"wp:featuredmedia":[{"embeddable":true,"href":"https:\/\/ilsovranista.com\/index.php?rest_route=\/wp\/v2\/media\/5889"}],"wp:attachment":[{"href":"https:\/\/ilsovranista.com\/index.php?rest_route=%2Fwp%2Fv2%2Fmedia&parent=5888"}],"wp:term":[{"taxonomy":"category","embeddable":true,"href":"https:\/\/ilsovranista.com\/index.php?rest_route=%2Fwp%2Fv2%2Fcategories&post=5888"},{"taxonomy":"post_tag","embeddable":true,"href":"https:\/\/ilsovranista.com\/index.php?rest_route=%2Fwp%2Fv2%2Ftags&post=5888"}],"curies":[{"name":"wp","href":"https:\/\/api.w.org\/{rel}","templated":true}]}}