{"id":588,"date":"2025-01-06T21:51:14","date_gmt":"2025-01-06T20:51:14","guid":{"rendered":"https:\/\/ilsovranista.com\/?p=588"},"modified":"2025-01-06T21:53:24","modified_gmt":"2025-01-06T20:53:24","slug":"regionali-veneto-2025-la-lega-pronta-alla-corsa-in-solitaria","status":"publish","type":"post","link":"https:\/\/ilsovranista.com\/?p=588","title":{"rendered":"Regionali Veneto 2025, la Lega pronta alla corsa in solitaria"},"content":{"rendered":"<p>&nbsp;<\/p>\n<p><strong>Francesca del Vecchio per\u00a0<a href=\"http:\/\/lastampa.it\/\" target=\"_blank\" rel=\"noopener\">\u201cLa Stampa\u201d &#8211; Estratti<\/a><\/strong><\/p>\n<p class=\"disable\">La <strong>Lega<\/strong> non ha gradito il doppio stop di<strong> Luca Ciriani<\/strong> sul Veneto e ora pensa seriamente a una corsa solitaria per le regionali. Il segretario e vicepremier <strong>Matteo Salvini<\/strong> parla di tante cose ma tace sulla questione e i suoi, in casa di <strong>Luca Zaia,<\/strong> hanno preso piuttosto male le dichiarazioni che il ministro di FdI per i Rapporti con il Parlamento ha rilasciato ieri a questo giornale: in sintesi \u00abniente terzo mandato per i governatori\u00bb ma soprattutto \u00absar\u00e0 Fratelli d&#8217;Italia a esprimere il candidato in Veneto in ragione del maggior peso di voti\u00bb. A concludere, come se non bastasse, il no secco allo slittamento delle elezioni regionali alla primavera del 2026.<\/p>\n<p><a class=\"float-left img-wrapper\" href=\"https:\/\/www.dagospia.com\/media-gallery\/dago-fotogallery-456687\/1954522\"><img decoding=\"async\" id=\"1954522\" src=\"https:\/\/www.dagospia.com\/img\/foto\/02-2024\/giorgia-meloni-luca-ciriani-1954522_300_q50.webp\" \/><br \/>\n<\/a><\/p>\n<p class=\"disable\">\u00c8 evidente che Ciriani non parli a titolo personale, osservano in molti nella Liga, e che la posizione espressa rappresenti \u00abuna linea concordata con la premier Giorgia Meloni\u00bb. Per questo, fonti vicine alla Lega Veneta non vanno tanto per il sottile e parlano apertamente di \u00abfastidio\u00bb per le parole del ministro, ma soprattutto non fanno pi\u00f9 mistero di una possibile scissione dagli alleati, presentandosi alle urne da soli.<\/p>\n<p class=\"disable\">La partita che intreccia le sorti del Veneto, del Carroccio e della coalizione di centrodestra, dunque, \u00e8 triplice.<\/p>\n<p class=\"disable\">In primis lo stop al terzo mandato: nel CDM di domani, il governo impugner\u00e0 la legge regionale della Campania voluta da Vincenzo De Luca che gli consentirebbe di ricandidarsi per una terza volta. Questo no sbarra la strada al precedente favorevole per Zaia, anche lui interessato a una nuova corsa a governatore, forte del suo oltre 75% di consensi. \u00ab\u00c8 un assist a Schlein e uno sgarbo a noi\u00bb, commenta qualcuno.<\/p>\n<p><a class=\"float-right img-wrapper\" href=\"https:\/\/www.dagospia.com\/media-gallery\/dago-fotogallery-456687\/2001882\"><img decoding=\"async\" id=\"2001882\" src=\"https:\/\/www.dagospia.com\/img\/foto\/06-2024\/matteo-salvini-e-luca-zaia-2001882_300_q50.webp\" \/><\/a>Ma nonostante i tentativi di Matteo Salvini di alzare le barricate per opporsi, il blitz non \u00e8 riuscito. E qui si apre il secondo fronte caldo: la scelta del candidato per il dopo Zaia che il partito di Giorgia Meloni vorrebbe per s\u00e9. \u00abQueste imposizioni che arrivano da Roma, soprattutto al Veneto, non piacciono.<\/p>\n<p class=\"disable\">FdI non dia ultimatum altrimenti andiamo da soli\u00bb, dice senza mezzi termini Roberto Marcato, assessore allo Sviluppo Economico di Zaia e a capo della rivolta leghista contro il meloniano. \u00abAbbiamo un esercito di amministratori apprezzati. Non vedo perch\u00e9 spetterebbe a Meloni scegliere \u2013 prosegue \u2013 Non sempre imporre un nome dall&#8217;alto funziona, anzi\u2026\u00bb. Il riferimento, esplicito, \u00e8 alla Sardegna. E a chi gli fa notare che la rivendicazione di FdI si baserebbe sugli esiti di politiche ed europee risponde che si tratta di \u00abdue campionati diversi.<\/p>\n<p class=\"disable\">Le regionali sono un&#8217;altra cosa e lo dimostrano anche alcuni sondaggi\u00bb. Marcato cita i risultati di un&#8217;indagine sul gradimento per una coalizione composta da \u00abun tridente\u00bb: una lista Zaia, con Mario Conte sindaco di Treviso candidato presidente, una seconda lista Lega e una terza composta da civici autonomisti.<\/p>\n<p><a class=\"float-left img-wrapper\" href=\"https:\/\/www.dagospia.com\/media-gallery\/dago-fotogallery-456687\/2001881\"><img decoding=\"async\" id=\"2001881\" src=\"https:\/\/www.dagospia.com\/img\/foto\/06-2024\/matteo-salvini-luca-zaia-2001881_300_q50.webp\" \/><br \/>\n<\/a><\/p>\n<p class=\"disable\">\u00abQuesta formazione vincerebbe anche contro il resto del centrodestra\u00bb, assicura Marcato. E Conte, che dalla sua Treviso si dice \u00ablusingato\u00bb di essere stato messo al primo posto nella rosa dei possibili candidati, non smentisce che potrebbe accettare: \u00abNella Lega siamo tutti pronti, soprattutto chi come me \u00e8 in prima linea\u00bb ma precisa che non \u00e8 il momento delle bandierine, \u00abcome fanno altri\u00bb.<\/p>\n<p><a class=\"float-right img-wrapper\" href=\"https:\/\/www.dagospia.com\/media-gallery\/dago-fotogallery-456687\/1735936\"><img decoding=\"async\" id=\"1735936\" src=\"https:\/\/www.dagospia.com\/img\/foto\/10-2022\/ciriani-crosetto-salvini-nordio-tajani-1735936_300_q50.webp\" \/><br \/>\n<\/a><\/p>\n<p class=\"disable\">Quanto alle parole di Ciriani, \u00abapprezzo che abbia svelato le carte rispetto alla posizione del partito, che pi\u00f9 che ragionare in coalizione sembra voglia dettare le regole. Ma con gli alleati non si fa cos\u00ec\u00bb. D&#8217;altronde, anche il segretario della Liga Veneta e vice segretario federale Alberto Stefani ha precisato che \u00able scelte si fanno in squadra\u00bb ma se la posta dovesse alzarsi da parte degli alleati \u00abfaremo valere al tavolo i nostri 159 sindaci, i nostri 1200 amministratori, le nostre 300 sezioni e i nostri 11mila tesserati: sono la nostra &#8220;riserva aurea&#8221; che ci permette di affrontare qualsiasi sfida, anche costruendo pi\u00f9 liste\u00bb. Tuttavia si dicono tutti convinti che un eventuale strappo a livello locale non si tradurrebbe necessariamente in una rottura della maggioranza di governo.<\/p>\n<p><a class=\"float-left img-wrapper\" href=\"https:\/\/www.dagospia.com\/media-gallery\/dago-fotogallery-456687\/1737869\"><img decoding=\"async\" id=\"1737869\" src=\"https:\/\/www.dagospia.com\/img\/foto\/10-2022\/matteo-salvini-luca-zaia-lorenzo-fontana-1737869_300_q50.webp\" \/><\/a>Bisogner\u00e0 attendere che sul punto si esprima anche Forza Italia. Certamente, la Lega non pu\u00f2 permettersi di perdere il fortino veneto, tant&#8217;\u00e8 che qualcuno azzarda l&#8217;ipotesi di un accordo: \u00abDividiamoci la torta, il Veneto a noi e la Lombardia a FdI\u00bb.<\/p>\n<p>Fonte Dagospia<\/p>\n","protected":false},"excerpt":{"rendered":"<p>&nbsp; Francesca del Vecchio per\u00a0\u201cLa Stampa\u201d &#8211; Estratti La Lega non ha gradito il doppio stop di Luca Ciriani sul Veneto e ora pensa seriamente a una corsa solitaria per le regionali. Il segretario e vicepremier Matteo Salvini parla di tante cose ma tace sulla questione e i suoi, in casa di Luca Zaia, hanno [&hellip;]<\/p>\n","protected":false},"author":3,"featured_media":591,"comment_status":"open","ping_status":"closed","sticky":false,"template":"","format":"standard","meta":{"om_disable_all_campaigns":false,"_monsterinsights_skip_tracking":false,"_monsterinsights_sitenote_active":false,"_monsterinsights_sitenote_note":"","_monsterinsights_sitenote_category":0,"_uf_show_specific_survey":0,"_uf_disable_surveys":false,"footnotes":""},"categories":[33],"tags":[],"class_list":{"0":"post-588","1":"post","2":"type-post","3":"status-publish","4":"format-standard","5":"has-post-thumbnail","7":"category-politica"},"aioseo_notices":[],"_links":{"self":[{"href":"https:\/\/ilsovranista.com\/index.php?rest_route=\/wp\/v2\/posts\/588","targetHints":{"allow":["GET"]}}],"collection":[{"href":"https:\/\/ilsovranista.com\/index.php?rest_route=\/wp\/v2\/posts"}],"about":[{"href":"https:\/\/ilsovranista.com\/index.php?rest_route=\/wp\/v2\/types\/post"}],"author":[{"embeddable":true,"href":"https:\/\/ilsovranista.com\/index.php?rest_route=\/wp\/v2\/users\/3"}],"replies":[{"embeddable":true,"href":"https:\/\/ilsovranista.com\/index.php?rest_route=%2Fwp%2Fv2%2Fcomments&post=588"}],"version-history":[{"count":2,"href":"https:\/\/ilsovranista.com\/index.php?rest_route=\/wp\/v2\/posts\/588\/revisions"}],"predecessor-version":[{"id":592,"href":"https:\/\/ilsovranista.com\/index.php?rest_route=\/wp\/v2\/posts\/588\/revisions\/592"}],"wp:featuredmedia":[{"embeddable":true,"href":"https:\/\/ilsovranista.com\/index.php?rest_route=\/wp\/v2\/media\/591"}],"wp:attachment":[{"href":"https:\/\/ilsovranista.com\/index.php?rest_route=%2Fwp%2Fv2%2Fmedia&parent=588"}],"wp:term":[{"taxonomy":"category","embeddable":true,"href":"https:\/\/ilsovranista.com\/index.php?rest_route=%2Fwp%2Fv2%2Fcategories&post=588"},{"taxonomy":"post_tag","embeddable":true,"href":"https:\/\/ilsovranista.com\/index.php?rest_route=%2Fwp%2Fv2%2Ftags&post=588"}],"curies":[{"name":"wp","href":"https:\/\/api.w.org\/{rel}","templated":true}]}}