{"id":5867,"date":"2025-11-29T19:07:42","date_gmt":"2025-11-29T18:07:42","guid":{"rendered":"https:\/\/ilsovranista.com\/?p=5867"},"modified":"2025-11-29T19:07:42","modified_gmt":"2025-11-29T18:07:42","slug":"medio-oriente-pucciarelli-lega-odio-propal-e-fuori-controllo-la-sinistra-prenda-posizione","status":"publish","type":"post","link":"https:\/\/ilsovranista.com\/?p=5867","title":{"rendered":"Medio Oriente, Pucciarelli (Lega): odio propal \u00e8 fuori controllo, la sinistra prenda posizione"},"content":{"rendered":"<p>&#8220;Ormai da giorni stiamo vedendo la vera essenza di chi si professa Propal. Prima con le violenze nelle nostre citt\u00e0, e poi maniera sempre pi\u00f9 aggressiva, come a Torino, dove hanno devastato la redazione de La Stampa. Oggi \u00e8 il turno di Roma, dove durante il corteo \u00e8 stata bruciata la bandiera americana. Domani? Cosa dobbiamo ancora aspettarci da questi delinquenti?\u00a0 La sinistra condanni questi gesti e si esprima per fermarli. \u00c8 inaccettabile questo silenzio\u201d.<\/p>\n<p>Lo.afferms in una nota, diffusa alla stampa,\u00a0<strong>Stefania Pucciarelli, senatore della Lega<\/strong><\/p>\n","protected":false},"excerpt":{"rendered":"<p>&#8220;Ormai da giorni stiamo vedendo la vera essenza di chi si professa Propal. Prima con le violenze nelle nostre citt\u00e0, e poi maniera sempre pi\u00f9 aggressiva, come a Torino, dove hanno devastato la redazione de La Stampa. Oggi \u00e8 il turno di Roma, dove durante il corteo \u00e8 stata bruciata la bandiera americana. Domani? Cosa [&hellip;]<\/p>\n","protected":false},"author":3,"featured_media":5868,"comment_status":"open","ping_status":"closed","sticky":false,"template":"","format":"standard","meta":{"om_disable_all_campaigns":false,"_monsterinsights_skip_tracking":false,"_monsterinsights_sitenote_active":false,"_monsterinsights_sitenote_note":"","_monsterinsights_sitenote_category":0,"_uf_show_specific_survey":0,"_uf_disable_surveys":false,"footnotes":""},"categories":[33],"tags":[],"class_list":{"0":"post-5867","1":"post","2":"type-post","3":"status-publish","4":"format-standard","5":"has-post-thumbnail","7":"category-politica"},"aioseo_notices":[],"_links":{"self":[{"href":"https:\/\/ilsovranista.com\/index.php?rest_route=\/wp\/v2\/posts\/5867","targetHints":{"allow":["GET"]}}],"collection":[{"href":"https:\/\/ilsovranista.com\/index.php?rest_route=\/wp\/v2\/posts"}],"about":[{"href":"https:\/\/ilsovranista.com\/index.php?rest_route=\/wp\/v2\/types\/post"}],"author":[{"embeddable":true,"href":"https:\/\/ilsovranista.com\/index.php?rest_route=\/wp\/v2\/users\/3"}],"replies":[{"embeddable":true,"href":"https:\/\/ilsovranista.com\/index.php?rest_route=%2Fwp%2Fv2%2Fcomments&post=5867"}],"version-history":[{"count":1,"href":"https:\/\/ilsovranista.com\/index.php?rest_route=\/wp\/v2\/posts\/5867\/revisions"}],"predecessor-version":[{"id":5869,"href":"https:\/\/ilsovranista.com\/index.php?rest_route=\/wp\/v2\/posts\/5867\/revisions\/5869"}],"wp:featuredmedia":[{"embeddable":true,"href":"https:\/\/ilsovranista.com\/index.php?rest_route=\/wp\/v2\/media\/5868"}],"wp:attachment":[{"href":"https:\/\/ilsovranista.com\/index.php?rest_route=%2Fwp%2Fv2%2Fmedia&parent=5867"}],"wp:term":[{"taxonomy":"category","embeddable":true,"href":"https:\/\/ilsovranista.com\/index.php?rest_route=%2Fwp%2Fv2%2Fcategories&post=5867"},{"taxonomy":"post_tag","embeddable":true,"href":"https:\/\/ilsovranista.com\/index.php?rest_route=%2Fwp%2Fv2%2Ftags&post=5867"}],"curies":[{"name":"wp","href":"https:\/\/api.w.org\/{rel}","templated":true}]}}