{"id":585,"date":"2025-01-06T21:41:31","date_gmt":"2025-01-06T20:41:31","guid":{"rendered":"https:\/\/ilsovranista.com\/?p=585"},"modified":"2025-01-06T21:41:31","modified_gmt":"2025-01-06T20:41:31","slug":"il-dopo-salvini-matura-a-piccoli-passi","status":"publish","type":"post","link":"https:\/\/ilsovranista.com\/?p=585","title":{"rendered":"Il dopo Salvini matura a piccoli passi"},"content":{"rendered":"<p>&nbsp;<\/p>\n<p>di Francesco Jori (Fonte Ilnordest.it )<\/p>\n<div class=\"empty:hidden font-merriweather text-lg\/[30px] font-light text-black first-letter:float-left first-letter:mr-8 first-letter:text-[60px]\/[48px] first-letter:font-bold\">\n<p>L&#8217;autunno del patriarca. <strong>In tempi lenti e con modi soft<\/strong>, va maturando nella <strong>Lega il dopo-Salvini<\/strong>: non con attacchi frontali, ma con una campagna che fa leva sul recupero dell\u2019identit\u00e0 di fondo del partito, stravolta dal segretario a colpi di\u00a0<em>diktat\u00a0<\/em>unilaterali.<\/p>\n<\/div>\n<div>\n<div class=\"pubtech-adv-slot\" data-adtype=\"incontent\">\n<div class=\"container_C_1 pubtech-adv-container pubtech-adv-incontent pubtech-adv-bg\">\n<div class=\"pubtech-adv-sticky\">\n<div id=\"C_1\" class=\"adv-wrapper advblockshown\" data-google-query-id=\"CIqRhr754YoDFa2FgwcdvZcsnA\">\n<div id=\"google_ads_iframe_\/21832376849,23109147063\/ilnordestit\/ilnordestit_C_1_0__container__\"><\/div>\n<\/div>\n<\/div>\n<\/div>\n<\/div>\n<\/div>\n<div class=\"empty:hidden font-merriweather text-lg\/[30px] font-light text-black\">Il <strong>messaggio \u00e8 stato lanciato pubblicamente<\/strong>\u00a0da una figura tra le pi\u00f9 autorevoli, <strong>Massimiliano Romeo<\/strong>, capogruppo al Senato e neo segretario dei leghisti lombardi. Forte nella sostanza: \u00abSe non parliamo pi\u00f9 del Nord, al Nord i voti non li prendiamo pi\u00f9\u00bb. E chiaro nel metodo: \u00abLa\u00a0<strong>militanza non pu\u00f2 essere considerata manovalanza<\/strong>\u00bb.<\/div>\n<div class=\"empty:hidden font-merriweather text-lg\/[30px] font-light text-black\"><\/div>\n<div class=\"empty:hidden font-merriweather text-lg\/[30px] font-light text-black\">\n<p>Sono due capisaldi che rappresentano l\u2019esatta antitesi della linea- Salvini, riassumibile nello slogan \u00ab<strong>la Lega sono io<\/strong>\u00bb, versione padana della celebre massima francese di Luigi XIV: una monarchia assoluta per diritto divino, con i poteri accentrati in una sola persona.<\/p>\n<\/div>\n<div class=\"empty:hidden font-merriweather text-lg\/[30px] font-light text-black\">\u00c8 una scelta che il segretario non solo sta cavalcando da anni, ma che ha pure formalizzato nel 2018, sempre in totale solitudine, archiviando la vecchia Lega Nord e sostituendola con un nuovo partito, \u201c<strong>Lega per Salvini premier<\/strong>\u201d; con una linea politica e una serie di atti male accolti da larga parte della base, che si sente trattata come mera manovalanza. Fino al contestatissimo arruolamento di <strong>Roberto Vannacci<\/strong>, personaggio del tutto estraneo ai valori e agli stili del leghismo autentico.<\/div>\n<div class=\"empty:hidden font-merriweather text-lg\/[30px] font-light text-black\"><\/div>\n<div class=\"empty:hidden font-merriweather text-lg\/[30px] font-light text-black\">\n<p>Tenendo a battesimo la sua \u201cLega secondo Matteo\u201d, Salvini aveva enunciato &amp; annunciato l\u2019obiettivo di raggiungere il 20%. La cruda realt\u00e0 dei numeri segnala che dalle europee del 2019 a oggi\u00a0<strong>il partito ha perso sette milioni di voti<\/strong>; e rimane inchiodato a una scarna oscillazione tra 8 e 9%, a dispetto delle esternazioni seriali di un segretario che si intesta ogni anche modesto segnale, arrivando a speculare perfino sugli incidenti stradali.<\/p>\n<p>Tutto questo senza alcuna legittimazione interna: <strong>Salvini guida il partito dal 2013<\/strong>; l\u2019unico congresso in cui si \u00e8 votato sulla carica risale al 2017; anche quello che si terr\u00e0 a breve rester\u00e0 sul piano esclusivamente programmatico. L\u2019auto-conferma seriale. Ma \u00e8 proprio per questo che nella Lega \u00e8 partita la controffensiva: a Romeo ha fatto seguito il presidente della Lombardia Attilio Fontana, chiarendo che \u00abil problema del Nord c\u2019\u00e8, ed \u00e8 sempre pi\u00f9 presente\u00bb; e si \u00e8 associato perfino <strong>il premio Oscar della cautela Luca Zaia<\/strong>, confessando che \u00aba me piaceva di pi\u00f9 la Lega Nord\u00bb.<\/p>\n<\/div>\n<div class=\"empty:hidden font-merriweather text-lg\/[30px] font-light text-black\">Non sono voci nel vento: all\u2019orizzonte c\u2019\u00e8 lo snodo strategico delle elezioni regionali di una realt\u00e0 come il Veneto, a lungo incontrastata roccaforte leghista, espugnata tra politiche 2022 ed europee 2024 da Fratelli d\u2019Italia.<\/div>\n<div class=\"empty:hidden font-merriweather text-lg\/[30px] font-light text-black\"><\/div>\n<div class=\"empty:hidden font-merriweather text-lg\/[30px] font-light text-black\">\n<p>Non a caso il\u00a0<strong>partito di Giorgia Meloni<\/strong>, sulla base dei numeri, rivendica a voce sempre pi\u00f9 alta la presidenza della Regione: come ribadito ieri dal ministro Luca Ciriani. Per la Lega tutta, non solo quella veneta, sarebbe una mazzata micidiale; e non \u00e8 certo con la linea-Salvini e i suoi magri esiti elettorali che pu\u00f2 difendere la postazione. E se cede-cade il Veneto&#8230;<\/p>\n<\/div>\n<div class=\"empty:hidden font-merriweather text-lg\/[30px] font-light text-black\">Ecco perch\u00e9 una svolta \u00e8 fondamentale. Serve un partito delle comunit\u00e0, non delle personalit\u00e0, ha spiegato Romeo: pi\u00f9 chiaro di cos\u00ec&#8230;Un\u2019altra Lega, in poche parole.<strong>\u00a0Che allo spavaldo Salvini\u00a0<\/strong>si potrebbe spiegare con il richiamo a una fortunata trasmissione televisiva anni Settanta di Renzo Arbore, \u201cL\u2019altra domenica\u201d. La cui sigla diceva: \u00abFatti pi\u00f9 in l\u00e0&#8230;\u00bb.<\/div>\n","protected":false},"excerpt":{"rendered":"<p>&nbsp; di Francesco Jori (Fonte Ilnordest.it ) L&#8217;autunno del patriarca. In tempi lenti e con modi soft, va maturando nella Lega il dopo-Salvini: non con attacchi frontali, ma con una campagna che fa leva sul recupero dell\u2019identit\u00e0 di fondo del partito, stravolta dal segretario a colpi di\u00a0diktat\u00a0unilaterali. Il messaggio \u00e8 stato lanciato pubblicamente\u00a0da una figura [&hellip;]<\/p>\n","protected":false},"author":3,"featured_media":586,"comment_status":"open","ping_status":"closed","sticky":false,"template":"","format":"standard","meta":{"om_disable_all_campaigns":false,"_monsterinsights_skip_tracking":false,"_monsterinsights_sitenote_active":false,"_monsterinsights_sitenote_note":"","_monsterinsights_sitenote_category":0,"_uf_show_specific_survey":0,"_uf_disable_surveys":false,"footnotes":""},"categories":[33],"tags":[],"class_list":{"0":"post-585","1":"post","2":"type-post","3":"status-publish","4":"format-standard","5":"has-post-thumbnail","7":"category-politica"},"aioseo_notices":[],"_links":{"self":[{"href":"https:\/\/ilsovranista.com\/index.php?rest_route=\/wp\/v2\/posts\/585","targetHints":{"allow":["GET"]}}],"collection":[{"href":"https:\/\/ilsovranista.com\/index.php?rest_route=\/wp\/v2\/posts"}],"about":[{"href":"https:\/\/ilsovranista.com\/index.php?rest_route=\/wp\/v2\/types\/post"}],"author":[{"embeddable":true,"href":"https:\/\/ilsovranista.com\/index.php?rest_route=\/wp\/v2\/users\/3"}],"replies":[{"embeddable":true,"href":"https:\/\/ilsovranista.com\/index.php?rest_route=%2Fwp%2Fv2%2Fcomments&post=585"}],"version-history":[{"count":1,"href":"https:\/\/ilsovranista.com\/index.php?rest_route=\/wp\/v2\/posts\/585\/revisions"}],"predecessor-version":[{"id":587,"href":"https:\/\/ilsovranista.com\/index.php?rest_route=\/wp\/v2\/posts\/585\/revisions\/587"}],"wp:featuredmedia":[{"embeddable":true,"href":"https:\/\/ilsovranista.com\/index.php?rest_route=\/wp\/v2\/media\/586"}],"wp:attachment":[{"href":"https:\/\/ilsovranista.com\/index.php?rest_route=%2Fwp%2Fv2%2Fmedia&parent=585"}],"wp:term":[{"taxonomy":"category","embeddable":true,"href":"https:\/\/ilsovranista.com\/index.php?rest_route=%2Fwp%2Fv2%2Fcategories&post=585"},{"taxonomy":"post_tag","embeddable":true,"href":"https:\/\/ilsovranista.com\/index.php?rest_route=%2Fwp%2Fv2%2Ftags&post=585"}],"curies":[{"name":"wp","href":"https:\/\/api.w.org\/{rel}","templated":true}]}}