{"id":5845,"date":"2025-11-28T08:39:22","date_gmt":"2025-11-28T07:39:22","guid":{"rendered":"https:\/\/ilsovranista.com\/?p=5845"},"modified":"2025-11-28T08:45:30","modified_gmt":"2025-11-28T07:45:30","slug":"pescara-la-lega-organizza-una-raccolta-di-firme-per-la-famiglia-nel-bosco","status":"publish","type":"post","link":"https:\/\/ilsovranista.com\/?p=5845","title":{"rendered":"Pescara, la Lega organizza una raccolta di firme per &#8220;la famiglia nel bosco&#8221;"},"content":{"rendered":"<p>Sabato 29 e domenica 30 la Lega sar\u00e0 nelle piazze delle principali citt\u00e0 abruzzesi, Pescara inclusa, per raccogliere le firme e sostenere la famiglia di Palmoli che vive nel bosco cui \u00e8 stata sospesa la potest\u00e0 genitoriale con i tre figli minori ora ospiti di una casa di accoglienza dove c\u2019\u00e8 anche la mamma.<\/p>\n<p>&#8220;E&#8217; una battaglia di giustizia e di libert\u00e0, dichiara il coordinatore regionale Vincenzo D\u2019Incecco precisando: siamo stati tra i primi a sostenerla perch\u00e9 in quella famiglia riconosciamo l\u2019espressione concreta della libert\u00e0 di vivere secondo le proprie scelte, nel rispetto della legge. Non emerge alcun reato n\u00e9 alcuna violazione delle leggi. Eppure\u00a0 questa famiglia viene colpita per aver intrapreso uno stile di vita diverso dal comune. Ma vivere in modo alternativo, se non danneggia nessuno e non mette a rischio il benessere dei minori che, come sta emergendo, risultano sereni e ben accuditi, \u00e8 un diritto di ciascuno cos\u00ec come \u00e8 un diritto per ogni bambino crescere con la propria mamma e il proprio pap\u00e0\u201d. Il<\/p>\n","protected":false},"excerpt":{"rendered":"<p>Sabato 29 e domenica 30 la Lega sar\u00e0 nelle piazze delle principali citt\u00e0 abruzzesi, Pescara inclusa, per raccogliere le firme e sostenere la famiglia di Palmoli che vive nel bosco cui \u00e8 stata sospesa la potest\u00e0 genitoriale con i tre figli minori ora ospiti di una casa di accoglienza dove c\u2019\u00e8 anche la mamma. &#8220;E&#8217; [&hellip;]<\/p>\n","protected":false},"author":3,"featured_media":5846,"comment_status":"open","ping_status":"closed","sticky":false,"template":"","format":"standard","meta":{"om_disable_all_campaigns":false,"_monsterinsights_skip_tracking":false,"_monsterinsights_sitenote_active":false,"_monsterinsights_sitenote_note":"","_monsterinsights_sitenote_category":0,"_uf_show_specific_survey":0,"_uf_disable_surveys":false,"footnotes":""},"categories":[33],"tags":[],"class_list":{"0":"post-5845","1":"post","2":"type-post","3":"status-publish","4":"format-standard","5":"has-post-thumbnail","7":"category-politica"},"aioseo_notices":[],"_links":{"self":[{"href":"https:\/\/ilsovranista.com\/index.php?rest_route=\/wp\/v2\/posts\/5845","targetHints":{"allow":["GET"]}}],"collection":[{"href":"https:\/\/ilsovranista.com\/index.php?rest_route=\/wp\/v2\/posts"}],"about":[{"href":"https:\/\/ilsovranista.com\/index.php?rest_route=\/wp\/v2\/types\/post"}],"author":[{"embeddable":true,"href":"https:\/\/ilsovranista.com\/index.php?rest_route=\/wp\/v2\/users\/3"}],"replies":[{"embeddable":true,"href":"https:\/\/ilsovranista.com\/index.php?rest_route=%2Fwp%2Fv2%2Fcomments&post=5845"}],"version-history":[{"count":1,"href":"https:\/\/ilsovranista.com\/index.php?rest_route=\/wp\/v2\/posts\/5845\/revisions"}],"predecessor-version":[{"id":5848,"href":"https:\/\/ilsovranista.com\/index.php?rest_route=\/wp\/v2\/posts\/5845\/revisions\/5848"}],"wp:featuredmedia":[{"embeddable":true,"href":"https:\/\/ilsovranista.com\/index.php?rest_route=\/wp\/v2\/media\/5846"}],"wp:attachment":[{"href":"https:\/\/ilsovranista.com\/index.php?rest_route=%2Fwp%2Fv2%2Fmedia&parent=5845"}],"wp:term":[{"taxonomy":"category","embeddable":true,"href":"https:\/\/ilsovranista.com\/index.php?rest_route=%2Fwp%2Fv2%2Fcategories&post=5845"},{"taxonomy":"post_tag","embeddable":true,"href":"https:\/\/ilsovranista.com\/index.php?rest_route=%2Fwp%2Fv2%2Ftags&post=5845"}],"curies":[{"name":"wp","href":"https:\/\/api.w.org\/{rel}","templated":true}]}}