{"id":570,"date":"2025-01-04T18:16:00","date_gmt":"2025-01-04T17:16:00","guid":{"rendered":"https:\/\/ilsovranista.com\/?p=570"},"modified":"2025-01-04T18:16:00","modified_gmt":"2025-01-04T17:16:00","slug":"reggio-emilia-miglioli-verdi-il-centrodestra-non-sia-ambiguo-su-forza-nuova","status":"publish","type":"post","link":"https:\/\/ilsovranista.com\/?p=570","title":{"rendered":"Reggio Emilia, Miglioli (Verdi): il centrodestra non sia ambiguo su Forza Nuova"},"content":{"rendered":"<p>&nbsp;<\/p>\n<p>La prossima apertura di una sede di\u00a0<strong>Forza Nuova\u00a0<\/strong>a Reggio Emilia non poteva non generare infinite polemiche sostenute con vigore dalla locale sezione dell&#8217; Anpi e del Partito Democratico.<\/p>\n<p>Contro lo sbarco di\u00a0<strong>Forza Nuova<\/strong> in citt\u00e0 anche l\u2019opposizione si deve schierare compatta, sottoscrivendo l\u2019ordine del giorno presentato dalle forze di centrosinistra, cos\u00ec come avvenuto nei giorni scorsi a Ferrara dove il centrodestra, che \u00e8 al Governo della citt\u00e0, si \u00e8 espresso in sintonia con il Pd.\u00a0 A incalzare il centrodestra reggiano su questa vicenda \u00e8 il consigliere del gruppo Verdi-Possibile,\u00a0<strong>Alessandro Miglioli<\/strong>: \u201cLa Lega ci ha gi\u00e0 comunicato che non firmer\u00e0 l\u2019Ordine del giorno\u00a0 e il deputato e consigliere comunale, Gianluca Vinci di Fratelli d\u2019Italia, ha annunciato a mezzo stampa di non essere contrario all\u2019apertura di una sede sul nostro territorio. Le nostre forze politiche si sono sempre poste a difesa del pluralismo, della libert\u00e0 di espressione. \u00c8 proprio per questo che abbiamo voluto chiedere una presa di posizione condivisa contro i nostalgici di un passato in cui il pluralismo \u00e8 stato negato con violenza al nostro popolo. Certe ambiguit\u00e0 non possono avere spazio a Reggio. Un conto dovrebbe essere il centrodestra, un altro il fascismo. Opposizioni, sta a voi di dimostrarci la differenza\u201d.<\/p>\n","protected":false},"excerpt":{"rendered":"<p>&nbsp; La prossima apertura di una sede di\u00a0Forza Nuova\u00a0a Reggio Emilia non poteva non generare infinite polemiche sostenute con vigore dalla locale sezione dell&#8217; Anpi e del Partito Democratico. Contro lo sbarco di\u00a0Forza Nuova in citt\u00e0 anche l\u2019opposizione si deve schierare compatta, sottoscrivendo l\u2019ordine del giorno presentato dalle forze di centrosinistra, cos\u00ec come avvenuto nei [&hellip;]<\/p>\n","protected":false},"author":3,"featured_media":571,"comment_status":"open","ping_status":"closed","sticky":false,"template":"","format":"standard","meta":{"om_disable_all_campaigns":false,"_monsterinsights_skip_tracking":false,"_monsterinsights_sitenote_active":false,"_monsterinsights_sitenote_note":"","_monsterinsights_sitenote_category":0,"_uf_show_specific_survey":0,"_uf_disable_surveys":false,"footnotes":""},"categories":[36],"tags":[],"class_list":{"0":"post-570","1":"post","2":"type-post","3":"status-publish","4":"format-standard","5":"has-post-thumbnail","7":"category-prima-i-territori"},"aioseo_notices":[],"_links":{"self":[{"href":"https:\/\/ilsovranista.com\/index.php?rest_route=\/wp\/v2\/posts\/570","targetHints":{"allow":["GET"]}}],"collection":[{"href":"https:\/\/ilsovranista.com\/index.php?rest_route=\/wp\/v2\/posts"}],"about":[{"href":"https:\/\/ilsovranista.com\/index.php?rest_route=\/wp\/v2\/types\/post"}],"author":[{"embeddable":true,"href":"https:\/\/ilsovranista.com\/index.php?rest_route=\/wp\/v2\/users\/3"}],"replies":[{"embeddable":true,"href":"https:\/\/ilsovranista.com\/index.php?rest_route=%2Fwp%2Fv2%2Fcomments&post=570"}],"version-history":[{"count":1,"href":"https:\/\/ilsovranista.com\/index.php?rest_route=\/wp\/v2\/posts\/570\/revisions"}],"predecessor-version":[{"id":572,"href":"https:\/\/ilsovranista.com\/index.php?rest_route=\/wp\/v2\/posts\/570\/revisions\/572"}],"wp:featuredmedia":[{"embeddable":true,"href":"https:\/\/ilsovranista.com\/index.php?rest_route=\/wp\/v2\/media\/571"}],"wp:attachment":[{"href":"https:\/\/ilsovranista.com\/index.php?rest_route=%2Fwp%2Fv2%2Fmedia&parent=570"}],"wp:term":[{"taxonomy":"category","embeddable":true,"href":"https:\/\/ilsovranista.com\/index.php?rest_route=%2Fwp%2Fv2%2Fcategories&post=570"},{"taxonomy":"post_tag","embeddable":true,"href":"https:\/\/ilsovranista.com\/index.php?rest_route=%2Fwp%2Fv2%2Ftags&post=570"}],"curies":[{"name":"wp","href":"https:\/\/api.w.org\/{rel}","templated":true}]}}