{"id":567,"date":"2025-01-04T18:03:57","date_gmt":"2025-01-04T17:03:57","guid":{"rendered":"https:\/\/ilsovranista.com\/?p=567"},"modified":"2025-01-04T18:03:57","modified_gmt":"2025-01-04T17:03:57","slug":"sicurezza-nel-salento-congedo-fdi-esprime-gratitudine-alle-forze-dellordine","status":"publish","type":"post","link":"https:\/\/ilsovranista.com\/?p=567","title":{"rendered":"Sicurezza nel Salento, Congedo (Fdi) esprime gratitudine alle forze dell&#8217;ordine"},"content":{"rendered":"<p>&#8220;Una delegazione di <strong>Fratelli d\u2019Italia<\/strong> della provincia di Lecce composta da parlamentari, consiglieri regionali e provinciali, sindaci e amministratori locali ha fatto visita alla Questura, al Comando provinciale dei Carabinieri e al Comando provinciale della Guardia di Finanza.<br \/>\nAi vertici delle Forze di Polizia che hanno ricevuto la delegazione \u00e8 stata espressa la solidariet\u00e0 e la vicinanza di Fratelli d\u2019Italia per le vergognose aggressioni fisiche e verbali ricevute nelle ultime settimane e per esprimere alle donne e agli uomini in divisa gratitudine per l\u2019attivit\u00e0 che con abnegazione e professionalit\u00e0 viene svolta per garantire legalit\u00e0, sicurezza e ordine pubblico.<br \/>\nL\u2019incontro \u00e8 stata anche l\u2019occasione per fare il punto sulla situazione nel Salento e sulle novit\u00e0 legislative introdotte dal Governo Meloni fra cui quelli contro le occupazioni abusive, il rinnovo del contratto del comparto sicurezza e difesa, le misure a tutela delle Forze di Polizia.<br \/>\nIl messaggio che Fratelli d\u2019Italia ha voluto recapitare con l\u2019iniziativa \u00e8 che legalit\u00e0, sicurezza, sostegno alle Forze dell\u2019Ordine sono al centro dell\u2019azione politica e istituzionale del Partito in ogni livello istituzionale\u201d.<br \/>\nLo dichiara <strong>Saverio Congedo<\/strong> deputato salentino e coordinatore provinciale di <strong>Fratelli d\u2019Italia<\/strong>.<\/p>\n","protected":false},"excerpt":{"rendered":"<p>&#8220;Una delegazione di Fratelli d\u2019Italia della provincia di Lecce composta da parlamentari, consiglieri regionali e provinciali, sindaci e amministratori locali ha fatto visita alla Questura, al Comando provinciale dei Carabinieri e al Comando provinciale della Guardia di Finanza. Ai vertici delle Forze di Polizia che hanno ricevuto la delegazione \u00e8 stata espressa la solidariet\u00e0 e [&hellip;]<\/p>\n","protected":false},"author":3,"featured_media":568,"comment_status":"open","ping_status":"closed","sticky":false,"template":"","format":"standard","meta":{"om_disable_all_campaigns":false,"_monsterinsights_skip_tracking":false,"_monsterinsights_sitenote_active":false,"_monsterinsights_sitenote_note":"","_monsterinsights_sitenote_category":0,"_uf_show_specific_survey":0,"_uf_disable_surveys":false,"footnotes":""},"categories":[36],"tags":[],"class_list":{"0":"post-567","1":"post","2":"type-post","3":"status-publish","4":"format-standard","5":"has-post-thumbnail","7":"category-prima-i-territori"},"aioseo_notices":[],"_links":{"self":[{"href":"https:\/\/ilsovranista.com\/index.php?rest_route=\/wp\/v2\/posts\/567","targetHints":{"allow":["GET"]}}],"collection":[{"href":"https:\/\/ilsovranista.com\/index.php?rest_route=\/wp\/v2\/posts"}],"about":[{"href":"https:\/\/ilsovranista.com\/index.php?rest_route=\/wp\/v2\/types\/post"}],"author":[{"embeddable":true,"href":"https:\/\/ilsovranista.com\/index.php?rest_route=\/wp\/v2\/users\/3"}],"replies":[{"embeddable":true,"href":"https:\/\/ilsovranista.com\/index.php?rest_route=%2Fwp%2Fv2%2Fcomments&post=567"}],"version-history":[{"count":1,"href":"https:\/\/ilsovranista.com\/index.php?rest_route=\/wp\/v2\/posts\/567\/revisions"}],"predecessor-version":[{"id":569,"href":"https:\/\/ilsovranista.com\/index.php?rest_route=\/wp\/v2\/posts\/567\/revisions\/569"}],"wp:featuredmedia":[{"embeddable":true,"href":"https:\/\/ilsovranista.com\/index.php?rest_route=\/wp\/v2\/media\/568"}],"wp:attachment":[{"href":"https:\/\/ilsovranista.com\/index.php?rest_route=%2Fwp%2Fv2%2Fmedia&parent=567"}],"wp:term":[{"taxonomy":"category","embeddable":true,"href":"https:\/\/ilsovranista.com\/index.php?rest_route=%2Fwp%2Fv2%2Fcategories&post=567"},{"taxonomy":"post_tag","embeddable":true,"href":"https:\/\/ilsovranista.com\/index.php?rest_route=%2Fwp%2Fv2%2Ftags&post=567"}],"curies":[{"name":"wp","href":"https:\/\/api.w.org\/{rel}","templated":true}]}}