{"id":546,"date":"2025-01-03T21:40:04","date_gmt":"2025-01-03T20:40:04","guid":{"rendered":"https:\/\/ilsovranista.com\/?p=546"},"modified":"2025-01-03T21:41:25","modified_gmt":"2025-01-03T20:41:25","slug":"per-il-governo-sarebbero-guai-se-la-lega-tornasse-alle-origini","status":"publish","type":"post","link":"https:\/\/ilsovranista.com\/?p=546","title":{"rendered":"Per il governo sarebbero guai se la Lega tornasse alle origini"},"content":{"rendered":"<p>di <strong>Ottorino Gurgo<\/strong><\/p>\n<p>Fonte <strong>Il Roma\u00a0<\/strong><\/p>\n<p>&nbsp;<\/p>\n<p><strong>Matteo Salvini<\/strong> comincia a pagare il prezzo della sentenza con la quale il Tribunale di Palermo lo ha assolto dal duplice reato di sequestro di persona e rifiuto di atti d\u2019ufficio. I dirigenti del partito, infatti, dopo aver manifestato piena solidariet\u00e0 al loro segretario in tutto il periodo precedente al processo, lo hanno ora invitato a modificare la sua linea, a riportare la <strong>Lega<\/strong> alla sua caratteristica di <strong>partito del Nord<\/strong> come lo aveva voluto <strong>Umberto Bossi<\/strong> che ne era stato il fondatore abbandonando la velleit\u00e0 di farne un partito a carattere nazionale. Del resto questa trasformazione non ha prodotto risultati rilevanti se e vero che nelle pi\u00f9 recenti consultazioni elettorali, la Lega ha perso voti tanto da essere sorpassata da Forza Italia nel ruolo di secondo partito del centrodestra e al Sud ha perso tutti o quasi i consensi inizialmente ricevuti.<strong> Giorgia Meloni<\/strong>, comunque, non intende assolutamente assecondare la richiesta di ritorno alle origini, sostenuta soprattutto da veneti e lombardi. E anche<strong> Forza Italia<\/strong> \u00e8 contraria a collaborare con un partito di stampo nordista che metterebbe in discussione l\u2019unit\u00e0 nazionale, considerata un bene irrinunciabile. Il rischio \u00e8 quindi che le difficolt\u00e0 che Salvini sta attraversando si ripercuotano sul governo. Per resistere alle pressioni dei suoi compagni Salvini, che non desiderava (nonostante certi suoi atteggiamenti a rompere con la Meloni, chiese alla presidenza del Consiglio due cose: rendere quanto pi\u00f9 possibile incisiva la legge sull\u2019autonomia regionale in modo da garantire ai governatori leghisti pi\u00f9 ampi poteri e operare un rimpasto per portare un esponente della Lega al ministero degli Interni. Anche queste richieste, tuttavia, non sembrano destinate ad ottenere un\u2019accoglienza favorevole da parte della presidente del Consiglio. Certo \u00e8 che Salvini appare stretto in una morsa e resta da vedere se e fino a qual punto la sua difficile situazione.<\/p>\n","protected":false},"excerpt":{"rendered":"<p>di Ottorino Gurgo Fonte Il Roma\u00a0 &nbsp; Matteo Salvini comincia a pagare il prezzo della sentenza con la quale il Tribunale di Palermo lo ha assolto dal duplice reato di sequestro di persona e rifiuto di atti d\u2019ufficio. I dirigenti del partito, infatti, dopo aver manifestato piena solidariet\u00e0 al loro segretario in tutto il periodo [&hellip;]<\/p>\n","protected":false},"author":3,"featured_media":547,"comment_status":"open","ping_status":"closed","sticky":false,"template":"","format":"standard","meta":{"om_disable_all_campaigns":false,"_monsterinsights_skip_tracking":false,"_monsterinsights_sitenote_active":false,"_monsterinsights_sitenote_note":"","_monsterinsights_sitenote_category":0,"_uf_show_specific_survey":0,"_uf_disable_surveys":false,"footnotes":""},"categories":[33],"tags":[],"class_list":{"0":"post-546","1":"post","2":"type-post","3":"status-publish","4":"format-standard","5":"has-post-thumbnail","7":"category-politica"},"aioseo_notices":[],"_links":{"self":[{"href":"https:\/\/ilsovranista.com\/index.php?rest_route=\/wp\/v2\/posts\/546","targetHints":{"allow":["GET"]}}],"collection":[{"href":"https:\/\/ilsovranista.com\/index.php?rest_route=\/wp\/v2\/posts"}],"about":[{"href":"https:\/\/ilsovranista.com\/index.php?rest_route=\/wp\/v2\/types\/post"}],"author":[{"embeddable":true,"href":"https:\/\/ilsovranista.com\/index.php?rest_route=\/wp\/v2\/users\/3"}],"replies":[{"embeddable":true,"href":"https:\/\/ilsovranista.com\/index.php?rest_route=%2Fwp%2Fv2%2Fcomments&post=546"}],"version-history":[{"count":1,"href":"https:\/\/ilsovranista.com\/index.php?rest_route=\/wp\/v2\/posts\/546\/revisions"}],"predecessor-version":[{"id":548,"href":"https:\/\/ilsovranista.com\/index.php?rest_route=\/wp\/v2\/posts\/546\/revisions\/548"}],"wp:featuredmedia":[{"embeddable":true,"href":"https:\/\/ilsovranista.com\/index.php?rest_route=\/wp\/v2\/media\/547"}],"wp:attachment":[{"href":"https:\/\/ilsovranista.com\/index.php?rest_route=%2Fwp%2Fv2%2Fmedia&parent=546"}],"wp:term":[{"taxonomy":"category","embeddable":true,"href":"https:\/\/ilsovranista.com\/index.php?rest_route=%2Fwp%2Fv2%2Fcategories&post=546"},{"taxonomy":"post_tag","embeddable":true,"href":"https:\/\/ilsovranista.com\/index.php?rest_route=%2Fwp%2Fv2%2Ftags&post=546"}],"curies":[{"name":"wp","href":"https:\/\/api.w.org\/{rel}","templated":true}]}}