{"id":504,"date":"2025-01-01T22:04:08","date_gmt":"2025-01-01T21:04:08","guid":{"rendered":"https:\/\/ilsovranista.com\/?p=504"},"modified":"2025-01-01T22:06:13","modified_gmt":"2025-01-01T21:06:13","slug":"salvini-per-la-lega-si-e-chiuso-un-2024-complicato-ma-di-crescita","status":"publish","type":"post","link":"https:\/\/ilsovranista.com\/?p=504","title":{"rendered":"Salvini &#8220;per la Lega si \u00e8 chiuso un 2024 complicato ma di crescita&#8221;"},"content":{"rendered":"<p>&#8220;Per la<strong> Lega<\/strong> si \u00e8 chiuso un 2024 complicato ma alla fine bello, di crescita, serenit\u00e0 e compattezza, con gli iscritti che crescono dal Veneto alla Sicilia, con il numero di sindaci e amministratori che cresce dalla Lombardia al Lazio&#8221;. Cos\u00ec il vicepremier e segretario della Lega, <strong>Matteo Salvini<\/strong>, in una diretta video sui social. &#8220;Solo in Sicilia &#8211; aggiunge -, ho fatto una call poco fa, siamo a pi\u00f9 di 400 amministratori locali, e come Lega quasi 500 sindaci in Italia, pi\u00f9 di 200 in Lombardia, pi\u00f9 di 100 in Veneto, quindi bene. La Lega &#8211; sottolinea Salvini &#8211; \u00e8 un modo di vivere, di essere, di pensare, non \u00e8 solo un partito. Sicuramente con tanti avversari, con qualche nemico, soprattutto nelle stanze che contano. Abbiamo contro quasi tutti i giornali e le televisioni, buona parte dei sindacati, alcuni magistrati, e parecchi di quelli con i quattrini, in Italia e nel mondo, penso a Soros, che vorrebbero cancellare la Lega dalla faccia della Terra. Ma andiamo avanti in direzione ostinata e contraria, come cantava il buon De Andr\u00e8, con i risultati al centro: lavoro, stipendi, pensioni, scuola e sanit\u00e0 le priorit\u00e0, e poi per quello che mi riguarda, infrastrutture&#8221;.<\/p>\n","protected":false},"excerpt":{"rendered":"<p>&#8220;Per la Lega si \u00e8 chiuso un 2024 complicato ma alla fine bello, di crescita, serenit\u00e0 e compattezza, con gli iscritti che crescono dal Veneto alla Sicilia, con il numero di sindaci e amministratori che cresce dalla Lombardia al Lazio&#8221;. Cos\u00ec il vicepremier e segretario della Lega, Matteo Salvini, in una diretta video sui social. [&hellip;]<\/p>\n","protected":false},"author":3,"featured_media":505,"comment_status":"open","ping_status":"closed","sticky":false,"template":"","format":"standard","meta":{"om_disable_all_campaigns":false,"_monsterinsights_skip_tracking":false,"_monsterinsights_sitenote_active":false,"_monsterinsights_sitenote_note":"","_monsterinsights_sitenote_category":0,"_uf_show_specific_survey":0,"_uf_disable_surveys":false,"footnotes":""},"categories":[33],"tags":[],"class_list":{"0":"post-504","1":"post","2":"type-post","3":"status-publish","4":"format-standard","5":"has-post-thumbnail","7":"category-politica"},"aioseo_notices":[],"_links":{"self":[{"href":"https:\/\/ilsovranista.com\/index.php?rest_route=\/wp\/v2\/posts\/504","targetHints":{"allow":["GET"]}}],"collection":[{"href":"https:\/\/ilsovranista.com\/index.php?rest_route=\/wp\/v2\/posts"}],"about":[{"href":"https:\/\/ilsovranista.com\/index.php?rest_route=\/wp\/v2\/types\/post"}],"author":[{"embeddable":true,"href":"https:\/\/ilsovranista.com\/index.php?rest_route=\/wp\/v2\/users\/3"}],"replies":[{"embeddable":true,"href":"https:\/\/ilsovranista.com\/index.php?rest_route=%2Fwp%2Fv2%2Fcomments&post=504"}],"version-history":[{"count":2,"href":"https:\/\/ilsovranista.com\/index.php?rest_route=\/wp\/v2\/posts\/504\/revisions"}],"predecessor-version":[{"id":508,"href":"https:\/\/ilsovranista.com\/index.php?rest_route=\/wp\/v2\/posts\/504\/revisions\/508"}],"wp:featuredmedia":[{"embeddable":true,"href":"https:\/\/ilsovranista.com\/index.php?rest_route=\/wp\/v2\/media\/505"}],"wp:attachment":[{"href":"https:\/\/ilsovranista.com\/index.php?rest_route=%2Fwp%2Fv2%2Fmedia&parent=504"}],"wp:term":[{"taxonomy":"category","embeddable":true,"href":"https:\/\/ilsovranista.com\/index.php?rest_route=%2Fwp%2Fv2%2Fcategories&post=504"},{"taxonomy":"post_tag","embeddable":true,"href":"https:\/\/ilsovranista.com\/index.php?rest_route=%2Fwp%2Fv2%2Ftags&post=504"}],"curies":[{"name":"wp","href":"https:\/\/api.w.org\/{rel}","templated":true}]}}