{"id":500,"date":"2025-01-01T19:56:31","date_gmt":"2025-01-01T18:56:31","guid":{"rendered":"https:\/\/ilsovranista.com\/?p=500"},"modified":"2025-01-01T19:56:31","modified_gmt":"2025-01-01T18:56:31","slug":"salerno-pierro-confermato-commissario-provinciale-di-salerno","status":"publish","type":"post","link":"https:\/\/ilsovranista.com\/?p=500","title":{"rendered":"Salerno, Pierro confermato commissario provinciale di Salerno"},"content":{"rendered":"<p>Non ci sar\u00e0, almeno per il momento, nessun congresso provinciale della Lega a Salerno. Infatti, il deputato <strong>Attilio Pierro<\/strong>, \u00e8 stato confermato nel ruolo di commissario provinciale del partito di Matteo Salvini per la provincia di Salerno. La decisione, ufficializzata dal coordinatore regionale <strong>Gianpiero Zinzi<\/strong>, chiude, almeno fino alle prossime regionali, la strada della celebrazione dell\u2019assemblea elettiva per i nuovi dirigenti provinciali. Pierro, dunque, avr\u00e0 il compito, in qualit\u00e0 di Commissario Provinciale della Lega, di allestire la lista che affronter\u00e0 la prossima tornata elettorale per le Regionali in Campania.<\/p>\n<div data-move=\"\" data-move--destination=\"[data-content--body]\" data-move--destination-position=\"55%\" data-move--destination-distance=\"30%\" data-move--internal-processed=\"\">\n<div class=\"slot slot-story-5\">\n<div id=\"beacon_855a7eb64a\">&#8220;Esprimo, dichiara <strong>Pierro,<\/strong> il mio profondo onore e la mia gratitudine per la fiducia che la Lega Campania continua a riporre in me, confermandomi nel ruolo di commissario provinciale della Lega per la provincia di Salerno. Questo nuovo incarico rappresenta per me un ulteriore stimolo a lavorare con impegno e dedizione per il nostro territorio e per tutte le comunit\u00e0 che ne fanno parte. Il 2025 sar\u00e0 un anno cruciale, ricco di sfide e opportunit\u00e0. Sono convinto che, insieme alla nostra straordinaria squadra di dirigenti e militanti della provincia di Salerno, sapremo essere un punto di riferimento solido per tutti i cittadini salernitani. Un ringraziamento particolare va al coordinatore regionale <strong>Gianpiero Zinzi<\/strong> e al nostro vice segretario nazionale <strong>Claudio Durigon<\/strong>, per la loro costante vicinanza e il supporto\u201d.<\/div>\n<div>Continuer\u00f2, conclude Pierro, a lavorare al servizio del partito per costruire una Lega sempre pi\u00f9 vicina alle esigenze dei territori, capace di rappresentare al meglio i valori in cui crediamo. Il mio impegno sar\u00e0 totale, come sempre&#8221;.<\/div>\n<\/div>\n<\/div>\n<p>&nbsp;<\/p>\n","protected":false},"excerpt":{"rendered":"<p>Non ci sar\u00e0, almeno per il momento, nessun congresso provinciale della Lega a Salerno. Infatti, il deputato Attilio Pierro, \u00e8 stato confermato nel ruolo di commissario provinciale del partito di Matteo Salvini per la provincia di Salerno. La decisione, ufficializzata dal coordinatore regionale Gianpiero Zinzi, chiude, almeno fino alle prossime regionali, la strada della celebrazione [&hellip;]<\/p>\n","protected":false},"author":3,"featured_media":502,"comment_status":"open","ping_status":"closed","sticky":false,"template":"","format":"standard","meta":{"om_disable_all_campaigns":false,"_monsterinsights_skip_tracking":false,"_monsterinsights_sitenote_active":false,"_monsterinsights_sitenote_note":"","_monsterinsights_sitenote_category":0,"_uf_show_specific_survey":0,"_uf_disable_surveys":false,"footnotes":""},"categories":[36],"tags":[],"class_list":{"0":"post-500","1":"post","2":"type-post","3":"status-publish","4":"format-standard","5":"has-post-thumbnail","7":"category-prima-i-territori"},"aioseo_notices":[],"_links":{"self":[{"href":"https:\/\/ilsovranista.com\/index.php?rest_route=\/wp\/v2\/posts\/500","targetHints":{"allow":["GET"]}}],"collection":[{"href":"https:\/\/ilsovranista.com\/index.php?rest_route=\/wp\/v2\/posts"}],"about":[{"href":"https:\/\/ilsovranista.com\/index.php?rest_route=\/wp\/v2\/types\/post"}],"author":[{"embeddable":true,"href":"https:\/\/ilsovranista.com\/index.php?rest_route=\/wp\/v2\/users\/3"}],"replies":[{"embeddable":true,"href":"https:\/\/ilsovranista.com\/index.php?rest_route=%2Fwp%2Fv2%2Fcomments&post=500"}],"version-history":[{"count":1,"href":"https:\/\/ilsovranista.com\/index.php?rest_route=\/wp\/v2\/posts\/500\/revisions"}],"predecessor-version":[{"id":503,"href":"https:\/\/ilsovranista.com\/index.php?rest_route=\/wp\/v2\/posts\/500\/revisions\/503"}],"wp:featuredmedia":[{"embeddable":true,"href":"https:\/\/ilsovranista.com\/index.php?rest_route=\/wp\/v2\/media\/502"}],"wp:attachment":[{"href":"https:\/\/ilsovranista.com\/index.php?rest_route=%2Fwp%2Fv2%2Fmedia&parent=500"}],"wp:term":[{"taxonomy":"category","embeddable":true,"href":"https:\/\/ilsovranista.com\/index.php?rest_route=%2Fwp%2Fv2%2Fcategories&post=500"},{"taxonomy":"post_tag","embeddable":true,"href":"https:\/\/ilsovranista.com\/index.php?rest_route=%2Fwp%2Fv2%2Ftags&post=500"}],"curies":[{"name":"wp","href":"https:\/\/api.w.org\/{rel}","templated":true}]}}