{"id":498,"date":"2025-01-01T19:50:01","date_gmt":"2025-01-01T18:50:01","guid":{"rendered":"https:\/\/ilsovranista.com\/?p=498"},"modified":"2025-01-01T19:50:01","modified_gmt":"2025-01-01T18:50:01","slug":"salvini-la-rottamazione-decennale-una-priorita-della-lega","status":"publish","type":"post","link":"https:\/\/ilsovranista.com\/?p=498","title":{"rendered":"Salvini: la rottamazione decennale una priorit\u00e0 della Lega"},"content":{"rendered":"<p>Una delle priorit\u00e0 della Lega dal punto di vista economico per questo 2025 \u00e8 la rottamazione delle cartelle esattoriali&#8221;.<br \/>\nLo ha detto <strong>Matteo Salvini <\/strong>segretario federale della <strong>Lega<\/strong>\u00a0in una diretta sui social.<\/p>\n<p>&#8220;Il concordato preventivo, precisa\u00a0<strong>Salvini<\/strong> non ha raggiunto gli obiettivi che si era prefisso, non ha raggiunto milioni di lavoratrici e lavoratori. La rottamazione decennale con 120 rate uguali e stabili nell&#8217;arco di 10 anni per chi non \u00e8 riuscito in passato a pagare tutto quello che avrebbe dovuto o voluto per problemi, avendo dichiarato le tasse, \u00e8 una priorit\u00e0 della Lega&#8221;.<\/p>\n","protected":false},"excerpt":{"rendered":"<p>Una delle priorit\u00e0 della Lega dal punto di vista economico per questo 2025 \u00e8 la rottamazione delle cartelle esattoriali&#8221;. Lo ha detto Matteo Salvini segretario federale della Lega\u00a0in una diretta sui social. &#8220;Il concordato preventivo, precisa\u00a0Salvini non ha raggiunto gli obiettivi che si era prefisso, non ha raggiunto milioni di lavoratrici e lavoratori. La rottamazione [&hellip;]<\/p>\n","protected":false},"author":3,"featured_media":329,"comment_status":"open","ping_status":"closed","sticky":false,"template":"","format":"standard","meta":{"om_disable_all_campaigns":false,"_monsterinsights_skip_tracking":false,"_monsterinsights_sitenote_active":false,"_monsterinsights_sitenote_note":"","_monsterinsights_sitenote_category":0,"_uf_show_specific_survey":0,"_uf_disable_surveys":false,"footnotes":""},"categories":[33],"tags":[],"class_list":{"0":"post-498","1":"post","2":"type-post","3":"status-publish","4":"format-standard","5":"has-post-thumbnail","7":"category-politica"},"aioseo_notices":[],"_links":{"self":[{"href":"https:\/\/ilsovranista.com\/index.php?rest_route=\/wp\/v2\/posts\/498","targetHints":{"allow":["GET"]}}],"collection":[{"href":"https:\/\/ilsovranista.com\/index.php?rest_route=\/wp\/v2\/posts"}],"about":[{"href":"https:\/\/ilsovranista.com\/index.php?rest_route=\/wp\/v2\/types\/post"}],"author":[{"embeddable":true,"href":"https:\/\/ilsovranista.com\/index.php?rest_route=\/wp\/v2\/users\/3"}],"replies":[{"embeddable":true,"href":"https:\/\/ilsovranista.com\/index.php?rest_route=%2Fwp%2Fv2%2Fcomments&post=498"}],"version-history":[{"count":1,"href":"https:\/\/ilsovranista.com\/index.php?rest_route=\/wp\/v2\/posts\/498\/revisions"}],"predecessor-version":[{"id":499,"href":"https:\/\/ilsovranista.com\/index.php?rest_route=\/wp\/v2\/posts\/498\/revisions\/499"}],"wp:featuredmedia":[{"embeddable":true,"href":"https:\/\/ilsovranista.com\/index.php?rest_route=\/wp\/v2\/media\/329"}],"wp:attachment":[{"href":"https:\/\/ilsovranista.com\/index.php?rest_route=%2Fwp%2Fv2%2Fmedia&parent=498"}],"wp:term":[{"taxonomy":"category","embeddable":true,"href":"https:\/\/ilsovranista.com\/index.php?rest_route=%2Fwp%2Fv2%2Fcategories&post=498"},{"taxonomy":"post_tag","embeddable":true,"href":"https:\/\/ilsovranista.com\/index.php?rest_route=%2Fwp%2Fv2%2Ftags&post=498"}],"curies":[{"name":"wp","href":"https:\/\/api.w.org\/{rel}","templated":true}]}}