{"id":490,"date":"2025-01-01T12:33:53","date_gmt":"2025-01-01T11:33:53","guid":{"rendered":"https:\/\/ilsovranista.com\/?p=490"},"modified":"2025-01-01T12:34:02","modified_gmt":"2025-01-01T11:34:02","slug":"mercogliano-ex-mondo-al-contrario-solidarizza-con-alemanno-il-sistema-ha-fatto-scattare-la-tagliola-giudiziaria","status":"publish","type":"post","link":"https:\/\/ilsovranista.com\/?p=490","title":{"rendered":"Mercogliano (ex Mondo al Contrario) solidarizza con Alemanno. Il sistema ha fatto scattare la tagliola giudiziaria"},"content":{"rendered":"<p>Piena solidariet\u00e0 a <span class=\"html-span xdj266r x11i5rnm xat24cr x1mh8g0r xexx8yu x4uap5 x18d9i69 xkhd6sd x1hl2dhg x16tdsg8 x1vvkbs\"><span class=\"xt0psk2\"><strong>Gianni<\/strong> <strong>Alemanno<\/strong><\/span><\/span> aggredito politicamente la sera del 31 dicembre da una magistratura a orologeria che lo rimanda in carcere con una motivazione assurda. Il sistema si difende anche cos\u00ec, arrestando la sera dell&#8217;ultimo dell&#8217;anno un personaggio che fino a ieri era ritenuto innocuo. Non appena il sistema ne ha per\u00f2 ravvisato la minima pericolosit\u00e0, intravedendo delle potenzialit\u00e0 nel suo Movimento <span class=\"html-span xdj266r x11i5rnm xat24cr x1mh8g0r xexx8yu x4uap5 x18d9i69 xkhd6sd x1hl2dhg x16tdsg8 x1vvkbs\"><span class=\"xt0psk2\">I<strong>ndipendenza<\/strong><\/span><\/span> che sta lavorando da mesi alla costruzione di un&#8217;alternativa sovranista all&#8217;appiattimento della politica italiana tutta sulle posizioni filo europeiste e atlantiste, il sistema ha fatto scattare la tagliola giudiziaria. Esprimo la mia personale solidariet\u00e0 a Gianni e a tutti i militanti campani e italiani del suo Movimento con i quali ho condiviso nel 2022 la battaglia giusta per fermare la guerra in Ucraina e gli albori della costruzione del movimento sovranista italiano.<\/p>\n<p>Lo scrive sui suoi canali social\u00a0<strong>Luigi Mercogliano,\u00a0<\/strong>storico esponente della destra sociale partenopeo e del mondo pro life, ex coordinatore regionale dell&#8217;associazione Il Mondo al Contrario guidata dal generale Vannacci<\/p>\n","protected":false},"excerpt":{"rendered":"<p>Piena solidariet\u00e0 a Gianni Alemanno aggredito politicamente la sera del 31 dicembre da una magistratura a orologeria che lo rimanda in carcere con una motivazione assurda. Il sistema si difende anche cos\u00ec, arrestando la sera dell&#8217;ultimo dell&#8217;anno un personaggio che fino a ieri era ritenuto innocuo. Non appena il sistema ne ha per\u00f2 ravvisato la [&hellip;]<\/p>\n","protected":false},"author":3,"featured_media":491,"comment_status":"open","ping_status":"closed","sticky":false,"template":"","format":"standard","meta":{"om_disable_all_campaigns":false,"_monsterinsights_skip_tracking":false,"_monsterinsights_sitenote_active":false,"_monsterinsights_sitenote_note":"","_monsterinsights_sitenote_category":0,"_uf_show_specific_survey":0,"_uf_disable_surveys":false,"footnotes":""},"categories":[33],"tags":[],"class_list":{"0":"post-490","1":"post","2":"type-post","3":"status-publish","4":"format-standard","5":"has-post-thumbnail","7":"category-politica"},"aioseo_notices":[],"_links":{"self":[{"href":"https:\/\/ilsovranista.com\/index.php?rest_route=\/wp\/v2\/posts\/490","targetHints":{"allow":["GET"]}}],"collection":[{"href":"https:\/\/ilsovranista.com\/index.php?rest_route=\/wp\/v2\/posts"}],"about":[{"href":"https:\/\/ilsovranista.com\/index.php?rest_route=\/wp\/v2\/types\/post"}],"author":[{"embeddable":true,"href":"https:\/\/ilsovranista.com\/index.php?rest_route=\/wp\/v2\/users\/3"}],"replies":[{"embeddable":true,"href":"https:\/\/ilsovranista.com\/index.php?rest_route=%2Fwp%2Fv2%2Fcomments&post=490"}],"version-history":[{"count":1,"href":"https:\/\/ilsovranista.com\/index.php?rest_route=\/wp\/v2\/posts\/490\/revisions"}],"predecessor-version":[{"id":492,"href":"https:\/\/ilsovranista.com\/index.php?rest_route=\/wp\/v2\/posts\/490\/revisions\/492"}],"wp:featuredmedia":[{"embeddable":true,"href":"https:\/\/ilsovranista.com\/index.php?rest_route=\/wp\/v2\/media\/491"}],"wp:attachment":[{"href":"https:\/\/ilsovranista.com\/index.php?rest_route=%2Fwp%2Fv2%2Fmedia&parent=490"}],"wp:term":[{"taxonomy":"category","embeddable":true,"href":"https:\/\/ilsovranista.com\/index.php?rest_route=%2Fwp%2Fv2%2Fcategories&post=490"},{"taxonomy":"post_tag","embeddable":true,"href":"https:\/\/ilsovranista.com\/index.php?rest_route=%2Fwp%2Fv2%2Ftags&post=490"}],"curies":[{"name":"wp","href":"https:\/\/api.w.org\/{rel}","templated":true}]}}