{"id":4879,"date":"2025-09-29T07:35:15","date_gmt":"2025-09-29T05:35:15","guid":{"rendered":"https:\/\/ilsovranista.com\/?p=4879"},"modified":"2025-09-29T07:35:15","modified_gmt":"2025-09-29T05:35:15","slug":"caivano-nappi-lega-solidarieta-a-don-patriciello-e-allintera-comunita","status":"publish","type":"post","link":"https:\/\/ilsovranista.com\/?p=4879","title":{"rendered":"Caivano, Nappi (Lega): solidariet\u00e0 a don Patriciello e all&#8217;intera comunit\u00e0"},"content":{"rendered":"<p>&#8220;Quello che fa pi\u00f9 paura alla camorra \u00e8 il recupero dei territori da parte dello Stato e il loro rilancio e, in questo, Caivano rappresenta un modello per l&#8217;Italia intera. Solidariet\u00e0 e vicinanza a don Patriciello e alla comunit\u00e0 caivanese per gli inquietanti episodi verificatisi in queste ore. Non un passo indietro contro i criminali che incancreniscono la nostra terra&#8221;.<\/p>\n<p>Lo afferma <strong>Severino Nappi,<\/strong> capogruppo della Lega in Consiglio regionale e vice coordinatore del partito in Campania<\/p>\n<p>&nbsp;<\/p>\n","protected":false},"excerpt":{"rendered":"<p>&#8220;Quello che fa pi\u00f9 paura alla camorra \u00e8 il recupero dei territori da parte dello Stato e il loro rilancio e, in questo, Caivano rappresenta un modello per l&#8217;Italia intera. Solidariet\u00e0 e vicinanza a don Patriciello e alla comunit\u00e0 caivanese per gli inquietanti episodi verificatisi in queste ore. Non un passo indietro contro i criminali [&hellip;]<\/p>\n","protected":false},"author":3,"featured_media":4737,"comment_status":"open","ping_status":"closed","sticky":false,"template":"","format":"standard","meta":{"om_disable_all_campaigns":false,"_monsterinsights_skip_tracking":false,"_monsterinsights_sitenote_active":false,"_monsterinsights_sitenote_note":"","_monsterinsights_sitenote_category":0,"_uf_show_specific_survey":0,"_uf_disable_surveys":false,"footnotes":""},"categories":[36],"tags":[],"class_list":{"0":"post-4879","1":"post","2":"type-post","3":"status-publish","4":"format-standard","5":"has-post-thumbnail","7":"category-prima-i-territori"},"aioseo_notices":[],"_links":{"self":[{"href":"https:\/\/ilsovranista.com\/index.php?rest_route=\/wp\/v2\/posts\/4879","targetHints":{"allow":["GET"]}}],"collection":[{"href":"https:\/\/ilsovranista.com\/index.php?rest_route=\/wp\/v2\/posts"}],"about":[{"href":"https:\/\/ilsovranista.com\/index.php?rest_route=\/wp\/v2\/types\/post"}],"author":[{"embeddable":true,"href":"https:\/\/ilsovranista.com\/index.php?rest_route=\/wp\/v2\/users\/3"}],"replies":[{"embeddable":true,"href":"https:\/\/ilsovranista.com\/index.php?rest_route=%2Fwp%2Fv2%2Fcomments&post=4879"}],"version-history":[{"count":1,"href":"https:\/\/ilsovranista.com\/index.php?rest_route=\/wp\/v2\/posts\/4879\/revisions"}],"predecessor-version":[{"id":4880,"href":"https:\/\/ilsovranista.com\/index.php?rest_route=\/wp\/v2\/posts\/4879\/revisions\/4880"}],"wp:featuredmedia":[{"embeddable":true,"href":"https:\/\/ilsovranista.com\/index.php?rest_route=\/wp\/v2\/media\/4737"}],"wp:attachment":[{"href":"https:\/\/ilsovranista.com\/index.php?rest_route=%2Fwp%2Fv2%2Fmedia&parent=4879"}],"wp:term":[{"taxonomy":"category","embeddable":true,"href":"https:\/\/ilsovranista.com\/index.php?rest_route=%2Fwp%2Fv2%2Fcategories&post=4879"},{"taxonomy":"post_tag","embeddable":true,"href":"https:\/\/ilsovranista.com\/index.php?rest_route=%2Fwp%2Fv2%2Ftags&post=4879"}],"curies":[{"name":"wp","href":"https:\/\/api.w.org\/{rel}","templated":true}]}}