{"id":484,"date":"2025-01-01T11:21:20","date_gmt":"2025-01-01T10:21:20","guid":{"rendered":"https:\/\/ilsovranista.com\/?p=484"},"modified":"2025-01-01T11:21:20","modified_gmt":"2025-01-01T10:21:20","slug":"arresto-alemanno-rizzo-dsp-accanimento-esagerato-contro-una-persona-non-pericolosa","status":"publish","type":"post","link":"https:\/\/ilsovranista.com\/?p=484","title":{"rendered":"Arresto Alemanno, Rizzo (DSP): accanimento esagerato contro una persona non pericolosa"},"content":{"rendered":"<div dir=\"auto\">&#8220;Ieri, 31 dicembre 2024 Capodanno, alle ore 20 \u00e8 stato arrestato <strong>Gianni Alemanno<\/strong>. Gli \u00e8 stata revocata la libert\u00e0 condizionale che aveva ottenuto dopo una condanna che sarebbe stata completamente espiata tra soli quattro mesi. Il provvedimento di revoca della misura alternativa sembra essere basato sul mancato rispetto delle regole per gli spostamenti ( orari e motivazioni) imposte dai magistrati. Alemanno \u00e8 stato quindi portato al carcere di Rebibbia. In Italia puoi uccidere un carabiniere o pestare a morte una donna ed andare agli arresti domiciliari, l\u2019ex ministro e sindaco di Roma va in galera per un ritardo o poco pi\u00f9.<\/div>\n<div dir=\"auto\">Un accanimento esagerato per una persona certo non socialmente pericolosa. Evidentemente danno noia le sue recenti posizioni contro la guerra e per l\u2019indipendenza del nostro Paese&#8221;. Due pesi e due misure. Solidariet\u00e0.<\/div>\n<div dir=\"auto\">Lo affermano <strong>Marco Rizzo<\/strong>, coordinatore di\u00a0<strong>Democrazia Sovrana e Popolare\u00a0<\/strong>e\u00a0<strong>Francesco Toscano,\u00a0<\/strong>presidente di\u00a0<strong>DSP<\/strong><\/div>\n<div dir=\"auto\"><\/div>\n","protected":false},"excerpt":{"rendered":"<p>&#8220;Ieri, 31 dicembre 2024 Capodanno, alle ore 20 \u00e8 stato arrestato Gianni Alemanno. Gli \u00e8 stata revocata la libert\u00e0 condizionale che aveva ottenuto dopo una condanna che sarebbe stata completamente espiata tra soli quattro mesi. Il provvedimento di revoca della misura alternativa sembra essere basato sul mancato rispetto delle regole per gli spostamenti ( orari [&hellip;]<\/p>\n","protected":false},"author":3,"featured_media":486,"comment_status":"open","ping_status":"closed","sticky":false,"template":"","format":"standard","meta":{"om_disable_all_campaigns":false,"_monsterinsights_skip_tracking":false,"_monsterinsights_sitenote_active":false,"_monsterinsights_sitenote_note":"","_monsterinsights_sitenote_category":0,"_uf_show_specific_survey":0,"_uf_disable_surveys":false,"footnotes":""},"categories":[33],"tags":[],"class_list":{"0":"post-484","1":"post","2":"type-post","3":"status-publish","4":"format-standard","5":"has-post-thumbnail","7":"category-politica"},"aioseo_notices":[],"_links":{"self":[{"href":"https:\/\/ilsovranista.com\/index.php?rest_route=\/wp\/v2\/posts\/484","targetHints":{"allow":["GET"]}}],"collection":[{"href":"https:\/\/ilsovranista.com\/index.php?rest_route=\/wp\/v2\/posts"}],"about":[{"href":"https:\/\/ilsovranista.com\/index.php?rest_route=\/wp\/v2\/types\/post"}],"author":[{"embeddable":true,"href":"https:\/\/ilsovranista.com\/index.php?rest_route=\/wp\/v2\/users\/3"}],"replies":[{"embeddable":true,"href":"https:\/\/ilsovranista.com\/index.php?rest_route=%2Fwp%2Fv2%2Fcomments&post=484"}],"version-history":[{"count":1,"href":"https:\/\/ilsovranista.com\/index.php?rest_route=\/wp\/v2\/posts\/484\/revisions"}],"predecessor-version":[{"id":487,"href":"https:\/\/ilsovranista.com\/index.php?rest_route=\/wp\/v2\/posts\/484\/revisions\/487"}],"wp:featuredmedia":[{"embeddable":true,"href":"https:\/\/ilsovranista.com\/index.php?rest_route=\/wp\/v2\/media\/486"}],"wp:attachment":[{"href":"https:\/\/ilsovranista.com\/index.php?rest_route=%2Fwp%2Fv2%2Fmedia&parent=484"}],"wp:term":[{"taxonomy":"category","embeddable":true,"href":"https:\/\/ilsovranista.com\/index.php?rest_route=%2Fwp%2Fv2%2Fcategories&post=484"},{"taxonomy":"post_tag","embeddable":true,"href":"https:\/\/ilsovranista.com\/index.php?rest_route=%2Fwp%2Fv2%2Ftags&post=484"}],"curies":[{"name":"wp","href":"https:\/\/api.w.org\/{rel}","templated":true}]}}