{"id":4815,"date":"2025-09-24T05:36:11","date_gmt":"2025-09-24T03:36:11","guid":{"rendered":"https:\/\/ilsovranista.com\/?p=4815"},"modified":"2025-09-24T05:37:43","modified_gmt":"2025-09-24T03:37:43","slug":"carroccio-alla-bavarese-zaia-ha-unidea-per-il-futuro-della-lega","status":"publish","type":"post","link":"https:\/\/ilsovranista.com\/?p=4815","title":{"rendered":"Carroccio alla bavarese. Zaia ha un&#8217;idea per il futuro della Lega"},"content":{"rendered":"<p>estratto dell&#8217;articolo di Carmelo Caruso<\/p>\n<p>Fonte Il Foglio<\/p>\n<p>&nbsp;<\/p>\n<p class=\"disable\">Ha una soluzione per salvare [\u2026] la Lega. E\u2019 il \u201cvaccino\u201d di Luca Zaia: due partiti collegati come la Cdu e Csu in Germania. Una Lega del nord, la casa madre, dei territori, l\u2019antica (l\u2019azionariato di riferimento) e un\u2019altra del centro e del sud. E\u2019 un\u2019idea condivisa da Attilio Fontana, Max Fedriga, dai capigruppo Riccardo Molinari, Max Romeo e la verit\u00e0 \u00e8 che non dispiace a Matteo Salvini. Da giorni \u00e8 Salvini a proporsi \u201ccome segretario federatore\u201d.<\/p>\n<p><a class=\"float-left img-wrapper\" href=\"https:\/\/www.dagospia.com\/media-gallery\/dago-fotogallery-484573\/2177214\"><img decoding=\"async\" id=\"2177214\" src=\"https:\/\/static.dagospia.com\/img\/foto\/09-2025\/matteo-salvini-e-roberto-vannacci-pontida-2025-2177214_800_q50.webp\" \/><span class=\"img-title\">MATTEO SALVINI E ROBERTO VANNACCI &#8211; PONTIDA 2025<\/span><\/a><\/p>\n<p class=\"disable\">E\u2019 l\u2019uscita di sicurezza per mettere al sicuro il partito di Umberto Bossi. Pontida non \u00e8 caduta, non si \u00e8 vannaccizzata, ma Roberto Calderoli, [\u2026] diceva a bordo palco (e lo hanno sentito): \u201cIn un partito si sta conoscendo le regole. Vannacci non le conosce\u201d. Claudio Durigon, vicesegretario Lega, ha di fatto preso il comando dell\u2019altra, la centrale e del sud. In Veneto, alle regionali, la Lega metter\u00e0 sotto il suo simbolo il nome di Zaia. Sono prove di modello bavarese, il vaccino no vannax di Zaia [\u2026]<\/p>\n","protected":false},"excerpt":{"rendered":"<p>estratto dell&#8217;articolo di Carmelo Caruso Fonte Il Foglio &nbsp; Ha una soluzione per salvare [\u2026] la Lega. E\u2019 il \u201cvaccino\u201d di Luca Zaia: due partiti collegati come la Cdu e Csu in Germania. Una Lega del nord, la casa madre, dei territori, l\u2019antica (l\u2019azionariato di riferimento) e un\u2019altra del centro e del sud. E\u2019 un\u2019idea [&hellip;]<\/p>\n","protected":false},"author":3,"featured_media":4816,"comment_status":"open","ping_status":"closed","sticky":false,"template":"","format":"standard","meta":{"om_disable_all_campaigns":false,"_monsterinsights_skip_tracking":false,"_monsterinsights_sitenote_active":false,"_monsterinsights_sitenote_note":"","_monsterinsights_sitenote_category":0,"_uf_show_specific_survey":0,"_uf_disable_surveys":false,"footnotes":""},"categories":[33],"tags":[],"class_list":{"0":"post-4815","1":"post","2":"type-post","3":"status-publish","4":"format-standard","5":"has-post-thumbnail","7":"category-politica"},"aioseo_notices":[],"_links":{"self":[{"href":"https:\/\/ilsovranista.com\/index.php?rest_route=\/wp\/v2\/posts\/4815","targetHints":{"allow":["GET"]}}],"collection":[{"href":"https:\/\/ilsovranista.com\/index.php?rest_route=\/wp\/v2\/posts"}],"about":[{"href":"https:\/\/ilsovranista.com\/index.php?rest_route=\/wp\/v2\/types\/post"}],"author":[{"embeddable":true,"href":"https:\/\/ilsovranista.com\/index.php?rest_route=\/wp\/v2\/users\/3"}],"replies":[{"embeddable":true,"href":"https:\/\/ilsovranista.com\/index.php?rest_route=%2Fwp%2Fv2%2Fcomments&post=4815"}],"version-history":[{"count":2,"href":"https:\/\/ilsovranista.com\/index.php?rest_route=\/wp\/v2\/posts\/4815\/revisions"}],"predecessor-version":[{"id":4818,"href":"https:\/\/ilsovranista.com\/index.php?rest_route=\/wp\/v2\/posts\/4815\/revisions\/4818"}],"wp:featuredmedia":[{"embeddable":true,"href":"https:\/\/ilsovranista.com\/index.php?rest_route=\/wp\/v2\/media\/4816"}],"wp:attachment":[{"href":"https:\/\/ilsovranista.com\/index.php?rest_route=%2Fwp%2Fv2%2Fmedia&parent=4815"}],"wp:term":[{"taxonomy":"category","embeddable":true,"href":"https:\/\/ilsovranista.com\/index.php?rest_route=%2Fwp%2Fv2%2Fcategories&post=4815"},{"taxonomy":"post_tag","embeddable":true,"href":"https:\/\/ilsovranista.com\/index.php?rest_route=%2Fwp%2Fv2%2Ftags&post=4815"}],"curies":[{"name":"wp","href":"https:\/\/api.w.org\/{rel}","templated":true}]}}