{"id":4811,"date":"2025-09-24T05:19:27","date_gmt":"2025-09-24T03:19:27","guid":{"rendered":"https:\/\/ilsovranista.com\/?p=4811"},"modified":"2025-09-24T05:25:02","modified_gmt":"2025-09-24T03:25:02","slug":"napoli-antonio-marseglia-nuovo-consigliere-dellviii-municipalita-per-napoli-capitale-popolo-della-famiglia","status":"publish","type":"post","link":"https:\/\/ilsovranista.com\/?p=4811","title":{"rendered":"Napoli, Antonio Marseglia nuovo consigliere dell\u2019VIII Municipalit\u00e0 per \u201cNapoli Capitale \u2013 Popolo della Famiglia\u201d"},"content":{"rendered":"<p><strong>\u00a0Antonio Marseglia<\/strong> entra ufficialmente a far parte del Consiglio dell\u2019VIII Municipalit\u00e0 di Napoli, subentrando in surroga a Maria Rosaria Marino, che ha rassegnato le proprie dimissioni per motivi personali.<\/p>\n<p>Con la sua nomina, il movimento <strong>Napoli Capitale \u2013 Popolo della Famiglia<\/strong> rafforza la propria presenza nelle istituzioni locali, con l\u2019obiettivo di contribuire in maniera concreta al miglioramento della qualit\u00e0 della vita nei quartieri dell\u2019VIII Municipalit\u00e0, che comprendono anche l\u2019area di Scampia.<\/p>\n<p>Marseglia, collaboratore scolastico da anni impegnato sia a livello sindacale che sociale, porta con s\u00e9 un bagaglio di esperienza e di vicinanza reale al territorio. La sua storia personale e professionale lo rende interprete delle difficolt\u00e0 quotidiane vissute da famiglie, lavoratori e giovani, ai quali intende dare voce anche nelle istituzioni.<\/p>\n<p>\u00abRingrazio la dott.ssa Marino per il lavoro svolto finora e per l\u2019impegno profuso \u2013 dichiara Antonio Marseglia \u2013. La mia presenza all\u2019interno del Consiglio sar\u00e0 linfa nuova per la maggioranza e per il territorio. Intendo lavorare con seriet\u00e0 e spirito di servizio, mettendo al centro i bisogni reali dei cittadini, per affrontare e migliorare le situazioni gravose che vivono quotidianamente i nostri quartieri\u00bb.<\/p>\n<p>Il nuovo consigliere aggiunge: \u00abCon questa carica intendo portare tutto il mio valore e la mia esperienza, ispirato al simbolo di Napoli Capitale \u2013 Popolo della Famiglia, che mette la famiglia al centro dell\u2019impegno politico. Sar\u00f2 un punto di riferimento per i cittadini, raccoglier\u00f2 le loro istanze e mi impegner\u00f2 a tradurle in azioni concrete dentro il Consiglio municipale\u00bb.<\/p>\n<p>Enzo Rivellini, presidente di Napoli Capitale, sottolinea: \u00abL\u2019ingresso di Antonio Marseglia \u00e8 una buona notizia per l\u2019VIII Municipalit\u00e0 e per l\u2019intera citt\u00e0. La sua storia di impegno sindacale e sociale rappresenta un valore aggiunto per la nostra squadra, che intende dare risposte concrete ai territori, soprattutto quelli pi\u00f9 difficili come Scampia\u00bb.<\/p>\n<p>Mirko De Carli, portavoce nazionale del Popolo della Famiglia, commenta: \u00abSiamo orgogliosi di Antonio Marseglia e della sua scelta di mettersi al servizio della comunit\u00e0. La sua nomina conferma come il nostro movimento sappia esprimere figure radicate nei territori e capaci di trasformare i valori della famiglia in impegno politico quotidiano. Con il suo contributo, Napoli Capitale e il Popolo della Famiglia rafforzeranno la loro presenza per dare voce alle famiglie e alle periferie\u00bb.<\/p>\n<p>Con l\u2019ingresso di Antonio Marseglia, Napoli Capitale \u2013 Popolo della Famiglia ribadisce la propria attenzione ai temi sociali e al rilancio delle periferie, confermando il proprio impegno per costruire una Napoli pi\u00f9 giusta, inclusiva e attenta alle fragilit\u00e0.<\/p>\n","protected":false},"excerpt":{"rendered":"<p>\u00a0Antonio Marseglia entra ufficialmente a far parte del Consiglio dell\u2019VIII Municipalit\u00e0 di Napoli, subentrando in surroga a Maria Rosaria Marino, che ha rassegnato le proprie dimissioni per motivi personali. Con la sua nomina, il movimento Napoli Capitale \u2013 Popolo della Famiglia rafforza la propria presenza nelle istituzioni locali, con l\u2019obiettivo di contribuire in maniera concreta [&hellip;]<\/p>\n","protected":false},"author":3,"featured_media":4812,"comment_status":"open","ping_status":"closed","sticky":false,"template":"","format":"standard","meta":{"om_disable_all_campaigns":false,"_monsterinsights_skip_tracking":false,"_monsterinsights_sitenote_active":false,"_monsterinsights_sitenote_note":"","_monsterinsights_sitenote_category":0,"_uf_show_specific_survey":0,"_uf_disable_surveys":false,"footnotes":""},"categories":[36],"tags":[],"class_list":{"0":"post-4811","1":"post","2":"type-post","3":"status-publish","4":"format-standard","5":"has-post-thumbnail","7":"category-prima-i-territori"},"aioseo_notices":[],"_links":{"self":[{"href":"https:\/\/ilsovranista.com\/index.php?rest_route=\/wp\/v2\/posts\/4811","targetHints":{"allow":["GET"]}}],"collection":[{"href":"https:\/\/ilsovranista.com\/index.php?rest_route=\/wp\/v2\/posts"}],"about":[{"href":"https:\/\/ilsovranista.com\/index.php?rest_route=\/wp\/v2\/types\/post"}],"author":[{"embeddable":true,"href":"https:\/\/ilsovranista.com\/index.php?rest_route=\/wp\/v2\/users\/3"}],"replies":[{"embeddable":true,"href":"https:\/\/ilsovranista.com\/index.php?rest_route=%2Fwp%2Fv2%2Fcomments&post=4811"}],"version-history":[{"count":1,"href":"https:\/\/ilsovranista.com\/index.php?rest_route=\/wp\/v2\/posts\/4811\/revisions"}],"predecessor-version":[{"id":4813,"href":"https:\/\/ilsovranista.com\/index.php?rest_route=\/wp\/v2\/posts\/4811\/revisions\/4813"}],"wp:featuredmedia":[{"embeddable":true,"href":"https:\/\/ilsovranista.com\/index.php?rest_route=\/wp\/v2\/media\/4812"}],"wp:attachment":[{"href":"https:\/\/ilsovranista.com\/index.php?rest_route=%2Fwp%2Fv2%2Fmedia&parent=4811"}],"wp:term":[{"taxonomy":"category","embeddable":true,"href":"https:\/\/ilsovranista.com\/index.php?rest_route=%2Fwp%2Fv2%2Fcategories&post=4811"},{"taxonomy":"post_tag","embeddable":true,"href":"https:\/\/ilsovranista.com\/index.php?rest_route=%2Fwp%2Fv2%2Ftags&post=4811"}],"curies":[{"name":"wp","href":"https:\/\/api.w.org\/{rel}","templated":true}]}}