{"id":4745,"date":"2025-09-21T08:04:19","date_gmt":"2025-09-21T06:04:19","guid":{"rendered":"https:\/\/ilsovranista.com\/?p=4745"},"modified":"2025-09-21T05:06:48","modified_gmt":"2025-09-21T03:06:48","slug":"vannacci-io-contro-la-guerra-a-oltranza-in-ucraina-non-come-lue","status":"publish","type":"post","link":"https:\/\/ilsovranista.com\/?p=4745","title":{"rendered":"Vannacci: &#8220;Io contro la guerra a oltranza in Ucraina, non come l&#8217;Ue&#8221;"},"content":{"rendered":"<p>Intervenendo alla convention della Lega Giovani, organizzazione giovanile del Carroccio, parlando della guerra in Ucraina, Roberto Vannacci, parlamentare europeo nonch\u00e9 vice segretario federale della Lega ha spiegato che &#8220;io ho sempre ripudiato la guerra, la guerra che c&#8217;\u00e8 tra Ucraina e Russia, e ho detto sempre che dobbiamo cercare una pace. E quindi io sono contrario alla guerra ad oltranza, che invece questa Europa a trazione social-democratica ci sta propinando&#8221;. Poi ha aggiunto: &#8220;L&#8217;ho sempre detto che l&#8217;aggressione della Russia all&#8217;Ucraina non \u00e8 giustificata, l&#8217;ho sempre detto, ma attenzione, nella guerra i fatti superano la morale e il diritto, e questa \u00e8 la storia dell&#8217;umanit\u00e0. Se qualcuno non si vuole arrendere a questa storia dell&#8217;umanit\u00e0, continui a inseguire le utopie&#8221;. Nel suo discorso, il generale ha poi rimarcato che &#8220;io attacco qualsiasi persona che vuole continuare la guerra, e siccome questa guerra non pu\u00f2 essere vinta a meno di un intervento diretto dell&#8217;Unione Europea o della Nato, che ci porterebbe di fronte al baratro di una distruzione termonucleare, io sto dicendo che \u00e8 meglio la pace ragionevole di oggi, che ci coster\u00e0 meno della pace di domani&#8221;. Si tratta di &#8220;una situazione geopolitica internazionale che non nasce il 24 febbraio del 2022, ma nasce da anni di tensioni che si sono create tra Ucraina, la Russia, la Russia e l&#8217;Ucraina&#8221;. Poi ha concluso: &#8220;Le guerre non sono mai colpa di uno solo, ma sono causate da tutta una serie di avvenimenti che portano poi ai conflitti internazionali.&#8221;<\/p>\n","protected":false},"excerpt":{"rendered":"<p>Intervenendo alla convention della Lega Giovani, organizzazione giovanile del Carroccio, parlando della guerra in Ucraina, Roberto Vannacci, parlamentare europeo nonch\u00e9 vice segretario federale della Lega ha spiegato che &#8220;io ho sempre ripudiato la guerra, la guerra che c&#8217;\u00e8 tra Ucraina e Russia, e ho detto sempre che dobbiamo cercare una pace. E quindi io sono [&hellip;]<\/p>\n","protected":false},"author":3,"featured_media":4746,"comment_status":"open","ping_status":"closed","sticky":false,"template":"","format":"standard","meta":{"om_disable_all_campaigns":false,"_monsterinsights_skip_tracking":false,"_monsterinsights_sitenote_active":false,"_monsterinsights_sitenote_note":"","_monsterinsights_sitenote_category":0,"_uf_show_specific_survey":0,"_uf_disable_surveys":false,"footnotes":""},"categories":[33],"tags":[],"class_list":{"0":"post-4745","1":"post","2":"type-post","3":"status-publish","4":"format-standard","5":"has-post-thumbnail","7":"category-politica"},"aioseo_notices":[],"_links":{"self":[{"href":"https:\/\/ilsovranista.com\/index.php?rest_route=\/wp\/v2\/posts\/4745","targetHints":{"allow":["GET"]}}],"collection":[{"href":"https:\/\/ilsovranista.com\/index.php?rest_route=\/wp\/v2\/posts"}],"about":[{"href":"https:\/\/ilsovranista.com\/index.php?rest_route=\/wp\/v2\/types\/post"}],"author":[{"embeddable":true,"href":"https:\/\/ilsovranista.com\/index.php?rest_route=\/wp\/v2\/users\/3"}],"replies":[{"embeddable":true,"href":"https:\/\/ilsovranista.com\/index.php?rest_route=%2Fwp%2Fv2%2Fcomments&post=4745"}],"version-history":[{"count":1,"href":"https:\/\/ilsovranista.com\/index.php?rest_route=\/wp\/v2\/posts\/4745\/revisions"}],"predecessor-version":[{"id":4747,"href":"https:\/\/ilsovranista.com\/index.php?rest_route=\/wp\/v2\/posts\/4745\/revisions\/4747"}],"wp:featuredmedia":[{"embeddable":true,"href":"https:\/\/ilsovranista.com\/index.php?rest_route=\/wp\/v2\/media\/4746"}],"wp:attachment":[{"href":"https:\/\/ilsovranista.com\/index.php?rest_route=%2Fwp%2Fv2%2Fmedia&parent=4745"}],"wp:term":[{"taxonomy":"category","embeddable":true,"href":"https:\/\/ilsovranista.com\/index.php?rest_route=%2Fwp%2Fv2%2Fcategories&post=4745"},{"taxonomy":"post_tag","embeddable":true,"href":"https:\/\/ilsovranista.com\/index.php?rest_route=%2Fwp%2Fv2%2Ftags&post=4745"}],"curies":[{"name":"wp","href":"https:\/\/api.w.org\/{rel}","templated":true}]}}