{"id":473,"date":"2024-12-31T20:01:18","date_gmt":"2024-12-31T19:01:18","guid":{"rendered":"https:\/\/ilsovranista.com\/?p=473"},"modified":"2024-12-31T20:01:18","modified_gmt":"2024-12-31T19:01:18","slug":"regionali-campania-cangiano-fdi-entusiasmo-intorno-al-nome-di-cirielli-e-segnale-positivo","status":"publish","type":"post","link":"https:\/\/ilsovranista.com\/?p=473","title":{"rendered":"Regionali Campania, Cangiano (Fdi): entusiasmo intorno al nome di Cirielli \u00e8 segnale positivo"},"content":{"rendered":"<p>&#8220;Nelle ultime ore si registra un entusiasmo crescente intorno al nome del Viceministro agli Affari Esteri e alla Cooperazione Internazionale, On.<strong> Edmondo Cirielli,<\/strong> quale papabile candidato alla carica di Governatore della Regione Campania. Ed \u00e8 un entusiasmo che non viene soltanto dalle nostre comunit\u00e0 militanti, che da anni vedono in Edmondo un riferimento serio ed autorevole. Registriamo questo entusiasmo crescente soprattutto nella societ\u00e0 civile, che sta imparando a conoscere e a toccare con mano la seriet\u00e0 e la competenza dell\u2019On. Cirielli. Un nome che sarebbe non soltanto una garanzia di seriet\u00e0 morale e di meritocrazia rispetto alla gestione dell\u2019era De Luca. Ma che potrebbe garantire una ripresa totale della nostra Regione ed una credibilit\u00e0 diversa nel panorama nazionale ed internazionale, cosa che oggi purtroppo non abbiamo. Edmondo infatti, e lo racconta la sua storia personale e politica, \u00e8 un uomo del fare. Un uomo della concretezza e della giusta pragmaticit\u00e0. La persona giusta al posto giusto e nel momento migliore. \u00c8 questo il motivo di tanto entusiasmo intorno al suo nome e alla sua persona. Con lui, la Campania finalmente volterebbe pagina dopo un decennio di inerzia politica e di imbarazzi istituzionali&#8221;.<\/p>\n<p>Lo dichiara <strong>Gimmi Cangiano<\/strong>, deputato casertano di <strong>Fratelli d&#8217;Italia\u00a0<\/strong><\/p>\n<p>&nbsp;<\/p>\n","protected":false},"excerpt":{"rendered":"<p>&#8220;Nelle ultime ore si registra un entusiasmo crescente intorno al nome del Viceministro agli Affari Esteri e alla Cooperazione Internazionale, On. Edmondo Cirielli, quale papabile candidato alla carica di Governatore della Regione Campania. Ed \u00e8 un entusiasmo che non viene soltanto dalle nostre comunit\u00e0 militanti, che da anni vedono in Edmondo un riferimento serio ed [&hellip;]<\/p>\n","protected":false},"author":3,"featured_media":474,"comment_status":"open","ping_status":"closed","sticky":false,"template":"","format":"standard","meta":{"om_disable_all_campaigns":false,"_monsterinsights_skip_tracking":false,"_monsterinsights_sitenote_active":false,"_monsterinsights_sitenote_note":"","_monsterinsights_sitenote_category":0,"_uf_show_specific_survey":0,"_uf_disable_surveys":false,"footnotes":""},"categories":[36],"tags":[],"class_list":{"0":"post-473","1":"post","2":"type-post","3":"status-publish","4":"format-standard","5":"has-post-thumbnail","7":"category-prima-i-territori"},"aioseo_notices":[],"_links":{"self":[{"href":"https:\/\/ilsovranista.com\/index.php?rest_route=\/wp\/v2\/posts\/473","targetHints":{"allow":["GET"]}}],"collection":[{"href":"https:\/\/ilsovranista.com\/index.php?rest_route=\/wp\/v2\/posts"}],"about":[{"href":"https:\/\/ilsovranista.com\/index.php?rest_route=\/wp\/v2\/types\/post"}],"author":[{"embeddable":true,"href":"https:\/\/ilsovranista.com\/index.php?rest_route=\/wp\/v2\/users\/3"}],"replies":[{"embeddable":true,"href":"https:\/\/ilsovranista.com\/index.php?rest_route=%2Fwp%2Fv2%2Fcomments&post=473"}],"version-history":[{"count":1,"href":"https:\/\/ilsovranista.com\/index.php?rest_route=\/wp\/v2\/posts\/473\/revisions"}],"predecessor-version":[{"id":475,"href":"https:\/\/ilsovranista.com\/index.php?rest_route=\/wp\/v2\/posts\/473\/revisions\/475"}],"wp:featuredmedia":[{"embeddable":true,"href":"https:\/\/ilsovranista.com\/index.php?rest_route=\/wp\/v2\/media\/474"}],"wp:attachment":[{"href":"https:\/\/ilsovranista.com\/index.php?rest_route=%2Fwp%2Fv2%2Fmedia&parent=473"}],"wp:term":[{"taxonomy":"category","embeddable":true,"href":"https:\/\/ilsovranista.com\/index.php?rest_route=%2Fwp%2Fv2%2Fcategories&post=473"},{"taxonomy":"post_tag","embeddable":true,"href":"https:\/\/ilsovranista.com\/index.php?rest_route=%2Fwp%2Fv2%2Ftags&post=473"}],"curies":[{"name":"wp","href":"https:\/\/api.w.org\/{rel}","templated":true}]}}