{"id":4662,"date":"2025-09-15T20:38:01","date_gmt":"2025-09-15T18:38:01","guid":{"rendered":"https:\/\/ilsovranista.com\/?p=4662"},"modified":"2025-09-15T20:38:01","modified_gmt":"2025-09-15T18:38:01","slug":"caso-scardella-giagoni-lega-ritrovato-fascicolo-giudiziario-passo-importante-verso-verita","status":"publish","type":"post","link":"https:\/\/ilsovranista.com\/?p=4662","title":{"rendered":"Caso Scardella, Giagoni (Lega): ritrovato fascicolo giudiziario, passo importante verso verit\u00e0"},"content":{"rendered":"<p>Apprendo con soddisfazione la notizia del ritrovamento del fascicolo giudiziario relativo al caso di <strong>Aldo Scardella<\/strong>, protagonista di uno dei pi\u00f9 gravi e dolorosi errori giudiziari della storia italiana, morto da innocente in una cella di isolamento nel carcere di Buoncammino a Cagliari. Gli avvocati della famiglia Scardella ne hanno avuto comunicazione oggi, dopo mesi di ricerche e dubbi che hanno aggravato ulteriormente il dolore di una vicenda profondamente ingiusta. Finalmente, un faro di speranza verso la verit\u00e0. Avevamo recentemente presentato un\u2019interrogazione parlamentare per chiedere che venisse fatta piena luce sul caso, e che i familiari di Aldo potessero finalmente accedere agli atti e ricostruire quanto accaduto. La verit\u00e0 non potr\u00e0 riportare Aldo in vita, ma rappresenta un passaggio fondamentale per restituire dignit\u00e0 alla sua memoria e un minimo di serenit\u00e0 ai suoi familiari, che da decenni attendono giustizia, senza mai smettere di cercarla. Continuer\u00f2 a seguire da vicino gli sviluppi di questa vicenda, con il massimo rispetto e impegno\u201d.<br \/>\nLo dichiara\u00a0<strong> Dario Giagoni<\/strong>, deputato sardo della Lega<\/p>\n<p>&nbsp;<\/p>\n<div class=\"a-wrap a-wrap-base a-wrap-8 alignwide\"><\/div>\n","protected":false},"excerpt":{"rendered":"<p>Apprendo con soddisfazione la notizia del ritrovamento del fascicolo giudiziario relativo al caso di Aldo Scardella, protagonista di uno dei pi\u00f9 gravi e dolorosi errori giudiziari della storia italiana, morto da innocente in una cella di isolamento nel carcere di Buoncammino a Cagliari. Gli avvocati della famiglia Scardella ne hanno avuto comunicazione oggi, dopo mesi [&hellip;]<\/p>\n","protected":false},"author":3,"featured_media":4663,"comment_status":"open","ping_status":"closed","sticky":false,"template":"","format":"standard","meta":{"om_disable_all_campaigns":false,"_monsterinsights_skip_tracking":false,"_monsterinsights_sitenote_active":false,"_monsterinsights_sitenote_note":"","_monsterinsights_sitenote_category":0,"_uf_show_specific_survey":0,"_uf_disable_surveys":false,"footnotes":""},"categories":[33],"tags":[],"class_list":{"0":"post-4662","1":"post","2":"type-post","3":"status-publish","4":"format-standard","5":"has-post-thumbnail","7":"category-politica"},"aioseo_notices":[],"_links":{"self":[{"href":"https:\/\/ilsovranista.com\/index.php?rest_route=\/wp\/v2\/posts\/4662","targetHints":{"allow":["GET"]}}],"collection":[{"href":"https:\/\/ilsovranista.com\/index.php?rest_route=\/wp\/v2\/posts"}],"about":[{"href":"https:\/\/ilsovranista.com\/index.php?rest_route=\/wp\/v2\/types\/post"}],"author":[{"embeddable":true,"href":"https:\/\/ilsovranista.com\/index.php?rest_route=\/wp\/v2\/users\/3"}],"replies":[{"embeddable":true,"href":"https:\/\/ilsovranista.com\/index.php?rest_route=%2Fwp%2Fv2%2Fcomments&post=4662"}],"version-history":[{"count":1,"href":"https:\/\/ilsovranista.com\/index.php?rest_route=\/wp\/v2\/posts\/4662\/revisions"}],"predecessor-version":[{"id":4664,"href":"https:\/\/ilsovranista.com\/index.php?rest_route=\/wp\/v2\/posts\/4662\/revisions\/4664"}],"wp:featuredmedia":[{"embeddable":true,"href":"https:\/\/ilsovranista.com\/index.php?rest_route=\/wp\/v2\/media\/4663"}],"wp:attachment":[{"href":"https:\/\/ilsovranista.com\/index.php?rest_route=%2Fwp%2Fv2%2Fmedia&parent=4662"}],"wp:term":[{"taxonomy":"category","embeddable":true,"href":"https:\/\/ilsovranista.com\/index.php?rest_route=%2Fwp%2Fv2%2Fcategories&post=4662"},{"taxonomy":"post_tag","embeddable":true,"href":"https:\/\/ilsovranista.com\/index.php?rest_route=%2Fwp%2Fv2%2Ftags&post=4662"}],"curies":[{"name":"wp","href":"https:\/\/api.w.org\/{rel}","templated":true}]}}