{"id":4646,"date":"2025-09-15T05:30:57","date_gmt":"2025-09-15T03:30:57","guid":{"rendered":"https:\/\/ilsovranista.com\/?p=4646"},"modified":"2025-09-15T05:31:47","modified_gmt":"2025-09-15T03:31:47","slug":"festa-dellunita-speranzon-fdi-dal-dal-pd-celebrazione-imbarazzante-80-anni-di-retaggi-comunisti","status":"publish","type":"post","link":"https:\/\/ilsovranista.com\/?p=4646","title":{"rendered":"Festa dell&#8217;Unit\u00e0, Speranzon (Fdi): dal PD celebrazione imbarazzante, 80 anni di retaggi comunisti\u201d"},"content":{"rendered":"<p>\u201cIl <strong>Partito Democratico<\/strong> celebra con enfasi gli 80 anni della <strong>Festa dell\u2019Unit\u00e0<\/strong>. Peccato che nel 1945 non esistesse alcun Partito Democratico e che quella festa fosse, in realt\u00e0, la celebrazione del Partito Comunista Italiano. Per decenni la cosiddetta Festa dell\u2019Unit\u00e0 \u00e8 stata il luogo in cui si inneggiava all\u2019Unione Sovietica, ed ai tanti regimi che hanno negato libert\u00e0 e democrazia a miliardi di persone. Dunque, su 80 anni, ben 45 sono stati contrassegnati da bandiere rosse e slogan filo-sovietici, contro l\u2019Italia, contro l\u2019Occidente, contro i valori di libert\u00e0. Oggi il PD rivendica orgogliosamente quell\u2019eredit\u00e0, invece di fare i conti con un passato che per la sinistra resta ancora un tab\u00f9. \u00c8 imbarazzante che nel 2025 ci sia chi, anzich\u00e9 archiviare definitivamente le pagine pi\u00f9 nere della storia comunista, le celebri con compiacimento. Ancora una volta emerge la distanza siderale tra chi non riesce a liberarsi dai fantasmi ideologici del Novecento e chi, come Fratelli d\u2019Italia, lavora per un\u2019Italia moderna, libera e radicata nei valori democratici\u201d.<br \/>\nLo dichiara il senatore<strong> Raffaele Speranzon<\/strong>, vicecapogruppo vicario di <strong>Fratelli d\u2019Italia<\/strong> al Senato.<\/p>\n","protected":false},"excerpt":{"rendered":"<p>\u201cIl Partito Democratico celebra con enfasi gli 80 anni della Festa dell\u2019Unit\u00e0. Peccato che nel 1945 non esistesse alcun Partito Democratico e che quella festa fosse, in realt\u00e0, la celebrazione del Partito Comunista Italiano. Per decenni la cosiddetta Festa dell\u2019Unit\u00e0 \u00e8 stata il luogo in cui si inneggiava all\u2019Unione Sovietica, ed ai tanti regimi che [&hellip;]<\/p>\n","protected":false},"author":3,"featured_media":4647,"comment_status":"open","ping_status":"closed","sticky":false,"template":"","format":"standard","meta":{"om_disable_all_campaigns":false,"_monsterinsights_skip_tracking":false,"_monsterinsights_sitenote_active":false,"_monsterinsights_sitenote_note":"","_monsterinsights_sitenote_category":0,"_uf_show_specific_survey":0,"_uf_disable_surveys":false,"footnotes":""},"categories":[33],"tags":[],"class_list":{"0":"post-4646","1":"post","2":"type-post","3":"status-publish","4":"format-standard","5":"has-post-thumbnail","7":"category-politica"},"aioseo_notices":[],"_links":{"self":[{"href":"https:\/\/ilsovranista.com\/index.php?rest_route=\/wp\/v2\/posts\/4646","targetHints":{"allow":["GET"]}}],"collection":[{"href":"https:\/\/ilsovranista.com\/index.php?rest_route=\/wp\/v2\/posts"}],"about":[{"href":"https:\/\/ilsovranista.com\/index.php?rest_route=\/wp\/v2\/types\/post"}],"author":[{"embeddable":true,"href":"https:\/\/ilsovranista.com\/index.php?rest_route=\/wp\/v2\/users\/3"}],"replies":[{"embeddable":true,"href":"https:\/\/ilsovranista.com\/index.php?rest_route=%2Fwp%2Fv2%2Fcomments&post=4646"}],"version-history":[{"count":2,"href":"https:\/\/ilsovranista.com\/index.php?rest_route=\/wp\/v2\/posts\/4646\/revisions"}],"predecessor-version":[{"id":4649,"href":"https:\/\/ilsovranista.com\/index.php?rest_route=\/wp\/v2\/posts\/4646\/revisions\/4649"}],"wp:featuredmedia":[{"embeddable":true,"href":"https:\/\/ilsovranista.com\/index.php?rest_route=\/wp\/v2\/media\/4647"}],"wp:attachment":[{"href":"https:\/\/ilsovranista.com\/index.php?rest_route=%2Fwp%2Fv2%2Fmedia&parent=4646"}],"wp:term":[{"taxonomy":"category","embeddable":true,"href":"https:\/\/ilsovranista.com\/index.php?rest_route=%2Fwp%2Fv2%2Fcategories&post=4646"},{"taxonomy":"post_tag","embeddable":true,"href":"https:\/\/ilsovranista.com\/index.php?rest_route=%2Fwp%2Fv2%2Ftags&post=4646"}],"curies":[{"name":"wp","href":"https:\/\/api.w.org\/{rel}","templated":true}]}}