{"id":4613,"date":"2025-09-11T09:56:11","date_gmt":"2025-09-11T07:56:11","guid":{"rendered":"https:\/\/ilsovranista.com\/?p=4613"},"modified":"2025-09-11T09:56:11","modified_gmt":"2025-09-11T07:56:11","slug":"marcato-lega-vannacci-con-noi-centra-poco","status":"publish","type":"post","link":"https:\/\/ilsovranista.com\/?p=4613","title":{"rendered":"Marcato (Lega): Vannacci? Con noi c&#8217;entra poco"},"content":{"rendered":"<p>&#8220;L&#8217;ho detto in tempi non sospetti: Vannacci c&#8217;entra molto poco con la Lega. Il nostro \u00e8 un partito post ideologico n\u00e9 di destra n\u00e9 di sinistra ma anche radicalmente antifascista e questo non va mai dimenticato. Per questo mi viene l&#8217;orticaria a sentir parlare di XMAS ma anche di anormalit\u00e0 degli omosessuali o degli atleti di colore sono cose che per fortuna appartengono al passato e nulla hanno a che vedere con un partito popolare come il nostro&#8221;.<\/p>\n<p>Lo.ha dichiarato, nel corso di una intervista rilasciata al quotidiano Il Domani, <strong>Roberto<\/strong>\u00a0 <strong>Marcato\u00a0<\/strong>storico esponente della Lega ed assessore regionale in Veneto<\/p>\n","protected":false},"excerpt":{"rendered":"<p>&#8220;L&#8217;ho detto in tempi non sospetti: Vannacci c&#8217;entra molto poco con la Lega. Il nostro \u00e8 un partito post ideologico n\u00e9 di destra n\u00e9 di sinistra ma anche radicalmente antifascista e questo non va mai dimenticato. Per questo mi viene l&#8217;orticaria a sentir parlare di XMAS ma anche di anormalit\u00e0 degli omosessuali o degli atleti [&hellip;]<\/p>\n","protected":false},"author":3,"featured_media":678,"comment_status":"open","ping_status":"closed","sticky":false,"template":"","format":"standard","meta":{"om_disable_all_campaigns":false,"_monsterinsights_skip_tracking":false,"_monsterinsights_sitenote_active":false,"_monsterinsights_sitenote_note":"","_monsterinsights_sitenote_category":0,"_uf_show_specific_survey":0,"_uf_disable_surveys":false,"footnotes":""},"categories":[33],"tags":[],"class_list":{"0":"post-4613","1":"post","2":"type-post","3":"status-publish","4":"format-standard","5":"has-post-thumbnail","7":"category-politica"},"aioseo_notices":[],"_links":{"self":[{"href":"https:\/\/ilsovranista.com\/index.php?rest_route=\/wp\/v2\/posts\/4613","targetHints":{"allow":["GET"]}}],"collection":[{"href":"https:\/\/ilsovranista.com\/index.php?rest_route=\/wp\/v2\/posts"}],"about":[{"href":"https:\/\/ilsovranista.com\/index.php?rest_route=\/wp\/v2\/types\/post"}],"author":[{"embeddable":true,"href":"https:\/\/ilsovranista.com\/index.php?rest_route=\/wp\/v2\/users\/3"}],"replies":[{"embeddable":true,"href":"https:\/\/ilsovranista.com\/index.php?rest_route=%2Fwp%2Fv2%2Fcomments&post=4613"}],"version-history":[{"count":1,"href":"https:\/\/ilsovranista.com\/index.php?rest_route=\/wp\/v2\/posts\/4613\/revisions"}],"predecessor-version":[{"id":4614,"href":"https:\/\/ilsovranista.com\/index.php?rest_route=\/wp\/v2\/posts\/4613\/revisions\/4614"}],"wp:featuredmedia":[{"embeddable":true,"href":"https:\/\/ilsovranista.com\/index.php?rest_route=\/wp\/v2\/media\/678"}],"wp:attachment":[{"href":"https:\/\/ilsovranista.com\/index.php?rest_route=%2Fwp%2Fv2%2Fmedia&parent=4613"}],"wp:term":[{"taxonomy":"category","embeddable":true,"href":"https:\/\/ilsovranista.com\/index.php?rest_route=%2Fwp%2Fv2%2Fcategories&post=4613"},{"taxonomy":"post_tag","embeddable":true,"href":"https:\/\/ilsovranista.com\/index.php?rest_route=%2Fwp%2Fv2%2Ftags&post=4613"}],"curies":[{"name":"wp","href":"https:\/\/api.w.org\/{rel}","templated":true}]}}