{"id":4607,"date":"2025-09-11T05:33:34","date_gmt":"2025-09-11T03:33:34","guid":{"rendered":"https:\/\/ilsovranista.com\/?p=4607"},"modified":"2025-09-11T05:33:34","modified_gmt":"2025-09-11T03:33:34","slug":"ddl-montagna-bergesio-lega-la-nuova-legge-sulla-montagna-e-una-vittoria-per-la-nostra-gente-e-i-nostri-territori","status":"publish","type":"post","link":"https:\/\/ilsovranista.com\/?p=4607","title":{"rendered":"DDL Montagna, Bergesio (Lega): La nuova legge sulla montagna \u00e8 una vittoria per la nostra gente e i nostri territori"},"content":{"rendered":"<p>\u201cLa legge sulla Montagna \u00e8 una vittoria per la<strong> Lega<\/strong> ma soprattutto per i territori montani e la loro gente. Abbiamo sempre creduto nel valore strategico delle nostre montagne e sono orgoglioso di aver contribuito, con il Gruppo Lega, a questo risultato storico. \u00c8 un passo fondamentale per contrastare lo spopolamento e promuovere uno sviluppo economico e sociale equilibrato, che non dimentichi le nostre radici e le peculiarit\u00e0 di queste terre. Desidero ringraziare di cuore il Ministro Roberto Calderoli per aver voluto fortemente questo provvedimento e per il suo impegno instancabile. La sua visione e la sua determinazione sono state decisive e la sua preparazione \u00e8 stata fondamentale: il provvedimento \u00e8 stato approvato in terza lettura, ci\u00f2 significa che \u00e8 stato approfondito in modo adeguato sia dalla Camera dei Deputati che dal Senato della Repubblica\u201d.<\/p>\n<p>Lo dichiara in una nota il Senatore <strong>Giorgio Maria Bergesio<\/strong> (Lega), dopo l\u2019approvazione in via definitiva, in terza lettura, al Senato del Ddl Montagna, a firma del Ministro per gli Affari regionali e le Autonomie Roberto Calderoli.<\/p>\n<p>Il Senatore elenca:\u00a0\u201cNel provvedimento abbiamo inserito misure per ridurre i divari economici e sociali e per garantire l\u2019accesso ai servizi pubblici come istruzione e sanit\u00e0 ma anche poste, banche, farmacie, misure contro lo spopolamento rivolte a giovani e famiglie, incentivi alle imprese. Senza dimenticare ambiente ed ecosistema montano, da tutelare e valorizzare\u201d.<\/p>\n<p>\u201cAbbiamo messo a disposizione delle politiche per la montagna oltre 200 milioni di euro, cifra mai vista, che verranno destinati alla montagna vera, com\u2019\u00e8 giusto che sia, e non ad aree che di montano non hanno nulla\u201d, precisa Bergesio.<\/p>\n<p>\u201cIl testo contiene anche una serie di integrazioni che non sono solo aggiustamenti tecnici, ma rappresentano l\u2019attenzione di questo Governo e della Lega alle esigenze reali di chi vive e lavora in montagna\u201d, spiega il Senatore della Lega.<\/p>\n<p>Il parlamentare, Vicepresidente Commissione Attivit\u00e0 produttive del Senato, conclude:\u00a0\u201cLa legge sulla Montagna \u00e8 un segnale forte dell\u2019impegno della Lega per il nostro territorio. Non si tratta solo di fondi, ma di un cambio di rotta culturale. Ogni articolo \u00e8 pensato per dare un futuro a questi territori. La Lega ha dimostrato, ancora una volta, di essere al fianco delle comunit\u00e0 montane, e di ascoltare le loro istanze, traducendole in azioni concrete. Continueremo a lavorare per garantire che questo provvedimento venga attuato nel migliore dei modi\u201d.<\/p>\n","protected":false},"excerpt":{"rendered":"<p>\u201cLa legge sulla Montagna \u00e8 una vittoria per la Lega ma soprattutto per i territori montani e la loro gente. Abbiamo sempre creduto nel valore strategico delle nostre montagne e sono orgoglioso di aver contribuito, con il Gruppo Lega, a questo risultato storico. \u00c8 un passo fondamentale per contrastare lo spopolamento e promuovere uno sviluppo [&hellip;]<\/p>\n","protected":false},"author":3,"featured_media":4608,"comment_status":"open","ping_status":"closed","sticky":false,"template":"","format":"standard","meta":{"om_disable_all_campaigns":false,"_monsterinsights_skip_tracking":false,"_monsterinsights_sitenote_active":false,"_monsterinsights_sitenote_note":"","_monsterinsights_sitenote_category":0,"_uf_show_specific_survey":0,"_uf_disable_surveys":false,"footnotes":""},"categories":[33],"tags":[],"class_list":{"0":"post-4607","1":"post","2":"type-post","3":"status-publish","4":"format-standard","5":"has-post-thumbnail","7":"category-politica"},"aioseo_notices":[],"_links":{"self":[{"href":"https:\/\/ilsovranista.com\/index.php?rest_route=\/wp\/v2\/posts\/4607","targetHints":{"allow":["GET"]}}],"collection":[{"href":"https:\/\/ilsovranista.com\/index.php?rest_route=\/wp\/v2\/posts"}],"about":[{"href":"https:\/\/ilsovranista.com\/index.php?rest_route=\/wp\/v2\/types\/post"}],"author":[{"embeddable":true,"href":"https:\/\/ilsovranista.com\/index.php?rest_route=\/wp\/v2\/users\/3"}],"replies":[{"embeddable":true,"href":"https:\/\/ilsovranista.com\/index.php?rest_route=%2Fwp%2Fv2%2Fcomments&post=4607"}],"version-history":[{"count":1,"href":"https:\/\/ilsovranista.com\/index.php?rest_route=\/wp\/v2\/posts\/4607\/revisions"}],"predecessor-version":[{"id":4609,"href":"https:\/\/ilsovranista.com\/index.php?rest_route=\/wp\/v2\/posts\/4607\/revisions\/4609"}],"wp:featuredmedia":[{"embeddable":true,"href":"https:\/\/ilsovranista.com\/index.php?rest_route=\/wp\/v2\/media\/4608"}],"wp:attachment":[{"href":"https:\/\/ilsovranista.com\/index.php?rest_route=%2Fwp%2Fv2%2Fmedia&parent=4607"}],"wp:term":[{"taxonomy":"category","embeddable":true,"href":"https:\/\/ilsovranista.com\/index.php?rest_route=%2Fwp%2Fv2%2Fcategories&post=4607"},{"taxonomy":"post_tag","embeddable":true,"href":"https:\/\/ilsovranista.com\/index.php?rest_route=%2Fwp%2Fv2%2Ftags&post=4607"}],"curies":[{"name":"wp","href":"https:\/\/api.w.org\/{rel}","templated":true}]}}