{"id":4597,"date":"2025-09-10T19:04:41","date_gmt":"2025-09-10T17:04:41","guid":{"rendered":"https:\/\/ilsovranista.com\/?p=4597"},"modified":"2025-09-10T19:04:41","modified_gmt":"2025-09-10T17:04:41","slug":"caserta-lex-assessore-regionale-nugnes-aderisce-alla-lega","status":"publish","type":"post","link":"https:\/\/ilsovranista.com\/?p=4597","title":{"rendered":"Caserta, l&#8217;ex assessore regionale Nugnes aderisce alla Lega"},"content":{"rendered":"<p><strong>Daniela Nugnes,\u00a0<\/strong>gi\u00e0 assessore regionale alla Agricoltura Caccia e Pesca, della Campania durante la giunta Caldoro ha aderito alla Lega.<\/p>\n<p>L&#8217;ufficialit\u00e0 verr\u00e0 data sabato 13 settembre, nel corso di una conferenza stampa, che si terr\u00e0 a Caserta, presso la sede del coordinamento provinciale della Lega, in via Cesare Battisti, alla quale parteciperanno anche\u00a0<strong>Gianpiero Zinzi,\u00a0<\/strong>coordinatore regionale della Lega insieme a\u00a0<strong>Fernando Brogna\u00a0<\/strong>e\u00a0<strong>Stefano Giaquinto,\u00a0<\/strong>vice coordinatori provinciali.<\/p>\n<p>&nbsp;<\/p>\n<p>&nbsp;<\/p>\n<div data-move=\"\" data-move--destination=\"^\" data-move--destination-position=\"15%\" data-move--destination-distance=\"10%\" data-move--internal-processed=\"\">\n<div class=\"slot slot-intext-0\">\n<div><\/div>\n<\/div>\n<\/div>\n<p>&nbsp;<\/p>\n<p>&nbsp;<\/p>\n","protected":false},"excerpt":{"rendered":"<p>Daniela Nugnes,\u00a0gi\u00e0 assessore regionale alla Agricoltura Caccia e Pesca, della Campania durante la giunta Caldoro ha aderito alla Lega. L&#8217;ufficialit\u00e0 verr\u00e0 data sabato 13 settembre, nel corso di una conferenza stampa, che si terr\u00e0 a Caserta, presso la sede del coordinamento provinciale della Lega, in via Cesare Battisti, alla quale parteciperanno anche\u00a0Gianpiero Zinzi,\u00a0coordinatore regionale della [&hellip;]<\/p>\n","protected":false},"author":3,"featured_media":4598,"comment_status":"open","ping_status":"closed","sticky":false,"template":"","format":"standard","meta":{"om_disable_all_campaigns":false,"_monsterinsights_skip_tracking":false,"_monsterinsights_sitenote_active":false,"_monsterinsights_sitenote_note":"","_monsterinsights_sitenote_category":0,"_uf_show_specific_survey":0,"_uf_disable_surveys":false,"footnotes":""},"categories":[36],"tags":[],"class_list":{"0":"post-4597","1":"post","2":"type-post","3":"status-publish","4":"format-standard","5":"has-post-thumbnail","7":"category-prima-i-territori"},"aioseo_notices":[],"_links":{"self":[{"href":"https:\/\/ilsovranista.com\/index.php?rest_route=\/wp\/v2\/posts\/4597","targetHints":{"allow":["GET"]}}],"collection":[{"href":"https:\/\/ilsovranista.com\/index.php?rest_route=\/wp\/v2\/posts"}],"about":[{"href":"https:\/\/ilsovranista.com\/index.php?rest_route=\/wp\/v2\/types\/post"}],"author":[{"embeddable":true,"href":"https:\/\/ilsovranista.com\/index.php?rest_route=\/wp\/v2\/users\/3"}],"replies":[{"embeddable":true,"href":"https:\/\/ilsovranista.com\/index.php?rest_route=%2Fwp%2Fv2%2Fcomments&post=4597"}],"version-history":[{"count":1,"href":"https:\/\/ilsovranista.com\/index.php?rest_route=\/wp\/v2\/posts\/4597\/revisions"}],"predecessor-version":[{"id":4599,"href":"https:\/\/ilsovranista.com\/index.php?rest_route=\/wp\/v2\/posts\/4597\/revisions\/4599"}],"wp:featuredmedia":[{"embeddable":true,"href":"https:\/\/ilsovranista.com\/index.php?rest_route=\/wp\/v2\/media\/4598"}],"wp:attachment":[{"href":"https:\/\/ilsovranista.com\/index.php?rest_route=%2Fwp%2Fv2%2Fmedia&parent=4597"}],"wp:term":[{"taxonomy":"category","embeddable":true,"href":"https:\/\/ilsovranista.com\/index.php?rest_route=%2Fwp%2Fv2%2Fcategories&post=4597"},{"taxonomy":"post_tag","embeddable":true,"href":"https:\/\/ilsovranista.com\/index.php?rest_route=%2Fwp%2Fv2%2Ftags&post=4597"}],"curies":[{"name":"wp","href":"https:\/\/api.w.org\/{rel}","templated":true}]}}