{"id":4580,"date":"2025-09-10T05:22:37","date_gmt":"2025-09-10T03:22:37","guid":{"rendered":"https:\/\/ilsovranista.com\/?p=4580"},"modified":"2025-09-10T05:22:37","modified_gmt":"2025-09-10T03:22:37","slug":"meloni-cerca-unintesa-sulle-regioni-la-vera-incognita-e-la-lega-di-salvini","status":"publish","type":"post","link":"https:\/\/ilsovranista.com\/?p=4580","title":{"rendered":"Meloni cerca un\u2019intesa sulle regioni. La vera incognita \u00e8 la Lega di Salvini"},"content":{"rendered":"<p>di <strong>Giuliano Santoro<\/strong> Fonte <strong>Il Manifesto<\/strong><\/p>\n<p>Questo pomeriggio <strong>Giorgia Meloni<\/strong> ricever\u00e0 a Palazzo Chigi gli altri leader della destra. Con <strong>Matteo Salvini<\/strong>, <strong>Antonio<\/strong> <strong>Tajani<\/strong> e <strong>Maurizio Lupi,<\/strong> la presidente del consiglio dovr\u00e0 fissare l\u2019agenda politica dei prossimi mesi. Secondo Tajani, in cima alle priorit\u00e0 c\u2019\u00e8 l\u2019autonomia con il ministro degli affari regionali Roberto Calderoli, dopo che la questione dei Lep ha congelato la riforma.<\/p>\n<p>Ma \u00e8 praticamente impossibile che al vertice non si parli anche delle candidature alle regionali d\u2019autunno, a maggior ragione adesso che centrosinistra e Movimento 5 Stelle hanno definito tutto lo scacchiere. Ci sono da completare le caselle in Puglia e Campania, dove la corsa della destra parte in salita, e bisogna scegliere un nome per il Veneto, dove anche il presidente uscente<strong> Luca Zaia<\/strong> ha indicato la sua preferenza per il parlamentare salviniano <strong>Alberto<\/strong> <strong>Stefani<\/strong>. Se Fratelli d\u2019Italia dovesse rinunciare alle sue mire, allora dovrebbe toccare al partito della premier di scegliere il nome del successore di Attilio Fontana in Lombardia. E pi\u00f9 osservatori considerano che a quel punto il presidente uscente si dimetterebbe per correre da parlamentare alle politiche del 2027, e a quel punto si voterebbe per il Pirellone, dove gi\u00e0 si assiste a schermaglie di sbarramento tra componenti della destra in consiglio regionale, con un anno di anticipo.<\/p>\n<p>Insomma, basta questo esempio per capire che le regionali, il modo in cui la destra sceglier\u00e0 di affrontarle e i loro esiti, avranno dirette conseguenze sugli ultimi due anni di governo Meloni. A cominciare dalla partita di fine mese nelle Marche, dove il meloniano <strong>Francesco Acquaroli<\/strong> deve battere il dem Matteo Ricci. In Puglia la scelta potrebbe cadere sul forzista <strong>Mauro D\u2019Attis,<\/strong> mentre in Campania la quadra potrebbe arrivare su un candidato civico indicato da Fratelli d\u2019Italia. Tra i nomi che circolano in queste ore anche quella dell\u2019attuale prefetto di Napoli Michele Di Bari. Anche da queste ipotesi si capisce che la fragilit\u00e0 \u00e8 dettata soprattutto dalle turbolenze interne alla Lega. Il ceto politico padano \u00e8 indispettito dalla tracotanza del generale Vannacci. Salvini ieri ha incassato la firma che mancava per la delibera del Cipes sul Ponte ma ha bisogno di agitare lo scalpo dell\u2019autonomia differenziata per far passare il ridimensionamento del suo partito al nord. Difficile che gi\u00e0 domani si annunci la soluzione del puzzle, ecco perch\u00e9 l\u2019ordine del giorno dell\u2019incontro non menziona ufficialmente le regionali.<\/p>\n<p>Calderoli metter\u00e0 sul tavolo le pre-intese con le regioni Veneto, Lombardia, Piemonte e Liguria per il trasferimento delle materie non Lep, per le quali non bisogna fissare preventivamente i livelli essenziali delle prestazioni che devono essere garantiti su tutto il territorio nazionale. Si parte da protezione civile, previdenza complementare integrativa e le professioni. Quanto alla sanit\u00e0, Calderoli spera che le regioni possano decidere sulla gestione del personale, sugli stipendi, sulla quantificazione del numero dei medici per rilanciare il tema dell\u2019autonomia prima del raduno della Lega a Pontida del 21 settembre prossimo.<\/p>\n<p>Nel frattempo, la candidata presidente di Toscana Rossa, lista a sinistra del campo largo che sostiene Eugenio Giani, denuncia che Barbara Nannucci, consigliera del Quartiere 3 a Firenze per la Lega, ha partecipato a una celebrazione dei caduti della Repubblica sociale italiana al cimitero di Trespiano. \u00abLa stessa Nannucci ha comunicato la propria indisponibilit\u00e0 a candidarsi alle elezioni regionali per le vicende interne al suo partito, immaginiamo per lo scontro tra correnti \u2013 ricorda Bundu \u2013 Ma il fatto che ritenga la Repubblica italiana un tradimento e una resa, la rende incompatibile a qualsiasi ruolo pubblico elettivo\u00bb.<\/p>\n","protected":false},"excerpt":{"rendered":"<p>di Giuliano Santoro Fonte Il Manifesto Questo pomeriggio Giorgia Meloni ricever\u00e0 a Palazzo Chigi gli altri leader della destra. Con Matteo Salvini, Antonio Tajani e Maurizio Lupi, la presidente del consiglio dovr\u00e0 fissare l\u2019agenda politica dei prossimi mesi. Secondo Tajani, in cima alle priorit\u00e0 c\u2019\u00e8 l\u2019autonomia con il ministro degli affari regionali Roberto Calderoli, dopo [&hellip;]<\/p>\n","protected":false},"author":3,"featured_media":4581,"comment_status":"open","ping_status":"closed","sticky":false,"template":"","format":"standard","meta":{"om_disable_all_campaigns":false,"_monsterinsights_skip_tracking":false,"_monsterinsights_sitenote_active":false,"_monsterinsights_sitenote_note":"","_monsterinsights_sitenote_category":0,"_uf_show_specific_survey":0,"_uf_disable_surveys":false,"footnotes":""},"categories":[33],"tags":[],"class_list":{"0":"post-4580","1":"post","2":"type-post","3":"status-publish","4":"format-standard","5":"has-post-thumbnail","7":"category-politica"},"aioseo_notices":[],"_links":{"self":[{"href":"https:\/\/ilsovranista.com\/index.php?rest_route=\/wp\/v2\/posts\/4580","targetHints":{"allow":["GET"]}}],"collection":[{"href":"https:\/\/ilsovranista.com\/index.php?rest_route=\/wp\/v2\/posts"}],"about":[{"href":"https:\/\/ilsovranista.com\/index.php?rest_route=\/wp\/v2\/types\/post"}],"author":[{"embeddable":true,"href":"https:\/\/ilsovranista.com\/index.php?rest_route=\/wp\/v2\/users\/3"}],"replies":[{"embeddable":true,"href":"https:\/\/ilsovranista.com\/index.php?rest_route=%2Fwp%2Fv2%2Fcomments&post=4580"}],"version-history":[{"count":1,"href":"https:\/\/ilsovranista.com\/index.php?rest_route=\/wp\/v2\/posts\/4580\/revisions"}],"predecessor-version":[{"id":4582,"href":"https:\/\/ilsovranista.com\/index.php?rest_route=\/wp\/v2\/posts\/4580\/revisions\/4582"}],"wp:featuredmedia":[{"embeddable":true,"href":"https:\/\/ilsovranista.com\/index.php?rest_route=\/wp\/v2\/media\/4581"}],"wp:attachment":[{"href":"https:\/\/ilsovranista.com\/index.php?rest_route=%2Fwp%2Fv2%2Fmedia&parent=4580"}],"wp:term":[{"taxonomy":"category","embeddable":true,"href":"https:\/\/ilsovranista.com\/index.php?rest_route=%2Fwp%2Fv2%2Fcategories&post=4580"},{"taxonomy":"post_tag","embeddable":true,"href":"https:\/\/ilsovranista.com\/index.php?rest_route=%2Fwp%2Fv2%2Ftags&post=4580"}],"curies":[{"name":"wp","href":"https:\/\/api.w.org\/{rel}","templated":true}]}}