{"id":4577,"date":"2025-09-09T21:59:13","date_gmt":"2025-09-09T19:59:13","guid":{"rendered":"https:\/\/ilsovranista.com\/?p=4577"},"modified":"2025-09-09T21:59:13","modified_gmt":"2025-09-09T19:59:13","slug":"e-se-israele-avesse-bisogno-di-essere-odiato-lanalisi-di-graziani","status":"publish","type":"post","link":"https:\/\/ilsovranista.com\/?p=4577","title":{"rendered":"E se Israele avesse bisogno di essere odiato? L&#8217;analisi di Graziani"},"content":{"rendered":"<div dir=\"auto\">di\u00a0 <strong>Rainaldo Graziani\u00a0<\/strong><\/div>\n<div dir=\"auto\"><\/div>\n<div dir=\"auto\">Credo sia divenuto necessario un cambio di paradigma, un approccio di carattere simbolico se si vuole comprendere le motivazioni delle scellerate scelte dello Stato di Israele a danno della popolazione palestinese e, per alcuni aspetti religiosi, a detrimento dell\u2019umanit\u00e0 in genere.<\/div>\n<div dir=\"auto\">Quindi si tratta di compiere uno sforzo, in un certo senso quasi \u201cacritico\u201d, e trasferirsi dal piano della propaganda ad un livello pi\u00f9 alto, accedere cio\u00e8 al piano escatologico ovvero quello che si riferisce ai destini finali dell&#8217;umanit\u00e0 o di un singolo popolo, sia esso palestinese, libanese, siriano o magari egiziano \u2026 Comprendere la dimensione metafisica della guerra, non sorprendetevi, prevede di fatto il sacrificio rituale non solo di un singolo individuo ma molto spesso di intere popolazioni. A spiegare questo concetto difficilmente \u201crazionalizzabile\u201d, nel caso di specie l\u2019agire dell\u2019esercito israeliano cos\u00ec come le dichiarazioni ufficiali di chi lo governa, suggerisco lo studio delle sacre scritture attraverso una lettura ebraica. Non cristiana. Letture che potrebbero essere di aiuto alla comprensione da parte di ognuno di noi di ci\u00f2 che sta accadendo in Palestina ed in altri angoli del mondo.<\/div>\n<div dir=\"auto\">Infatti, possiamo affermare che il panorama internazionale ci offre, da qualunque prospettiva geografica lo si guardi un fortissimo sentimento anti israeliano. Neanche gli Stati Uniti riescono a rappresentare una eccezione.<\/div>\n<div dir=\"auto\">Le manifestazioni anti israeliane sono ovunque nel mondo e cos\u00ec pure le dichiarazioni di condanna alle azioni del governo israeliano seppure con servili sfumature.<\/div>\n<div dir=\"auto\">Ma formuliamo una prima ipotesi, una domanda :<\/div>\n<div dir=\"auto\">Ritenete possibile che la violenza esercitata nei confronti di una popolazione inerme possa avere una ragione che trascende la visione politica o economica ?<\/div>\n<div dir=\"auto\">Ebbene si.<\/div>\n<div dir=\"auto\">E\u2019 assolutamente possibile se non altro per il banale motivo che la storia delle civilt\u00e0 ci offre ampi riscontri spazio temporali in questo senso.<\/div>\n<div dir=\"auto\">Seconda domanda :<\/div>\n<div dir=\"auto\">Ritenete che provocare l\u2019opinione pubblica mondiale attraverso il massacro dei bambini palestinesi, peraltro accompagnato dalla diffusione di prove circa gli stupri di minori da parte dell\u2019esercito israeliano gi\u00e0 mesi prima del 7 ottobre (report aprile Save The Children) possa essere una strategia comunicativa giacch\u00e9 il governo israeliano non ha di fatto mai smentito ?<\/div>\n<div dir=\"auto\">Da Scipione ad Asdrubale, da Arjuna a Duryodhana, da Alessandro a Serse, da Federico II agli sterminatori dei nativi americani un tale quesito potrebbe rappresentare poco di pi\u00f9 di una domanda ovvia, banale.<\/div>\n<div dir=\"auto\">Due domande come queste, a titolo puramente esemplificativo, aiutano a cambiare prospettiva ed a richiamarci all\u2019antropologia culturale.<\/div>\n<div dir=\"auto\">Proviamo dunque a fare un po\u2019 di chiarezza con l\u2019aiuto della antropologia. Secondo la prospettiva antropologica, il concetto di annientamento di un popolo manifesta la volont\u00e0 di non limitarsi alla vittoria sul campo bellico dei propri nemici, bens\u00ec alla volont\u00e0 di cancellare i propri nemici dalla storia. Quando l&#8217;annientamento non \u00e8 limitato allo scontro tra eserciti ma coinvolge l\u2019intera popolazione, elevata a nemico, tale annientamento assume le peculiarit\u00e0 del genocidio ovvero lo sterminio anche in assenza di una contrapposizione armata .<\/div>\n<div dir=\"auto\">In verit\u00e0 questo mio approccio sottointendeva eliminare il 90% degli studiosi di relazioni internazionali ed 100% dei giornalisti occidentali che pretendono trattare confusamente gli accadimenti. In buona sostanza nessuno di essi dispone delle chiavi di accesso per decriptare il profondo significato del Mito, del Rito e del Simbolo di cui ogni Civilt\u00e0 \u00e8 dotata.<\/div>\n<div dir=\"auto\">Entriamo dunque ora nella dimensione dottrinaria ovvero analizziamo o meglio accenniamo alla visione messianica di questi \u201celettori\u201d di Benjamin Netanyahu VI.<\/div>\n<div dir=\"auto\">Benjamin Netanyahu VI in tutte le lingue, in tutte le salse, in tutte le visite, in tutte le sedi istituzionali non ha fatto altro che ripetere, fino allo sfinimento, che il compito \u00e8 quello di creare la Grande Israele. Non informarsi su wikipedia su cosa sia la Grande Israele o peggio, non credere alla sua dichiarata volont\u00e0, crea una prima grande divisione.<\/div>\n<div dir=\"auto\">Da un lato possiamo collocare gli idioti dall\u2019altro lato gli asserviti.<\/div>\n<div dir=\"auto\">La lettura ebraica, non quella cristiana dunque, dell\u2019Antico Testamento diviene ora una chiara strategia geopolitica.<\/div>\n<div dir=\"auto\">Geopolitica e sacre scritture sono strettamente correlate tra loro. Nel Potere del Mito a cura della rivista Limes, il suo direttore, il Dott. Caracciolo, raffinato esponente della disciplina geopolitica, forse espressione pi\u00f9 britannica che italiana, sentenzia: chi non conosce il profondo significato del Mito del Rito e del Simbolo non pu\u00f2 comprendere la geopolitica. La precisazione suddetta circa una lettura ebraica, una interpretazione ebraica, dell\u2019Antico Testamento \u00e8 dunque di fondamentale importanza.<\/div>\n<div dir=\"auto\">Eccetto pochissime persone, la maggioranza dell\u2019opinione pubblica mondiale crede ingenuamente nella inconsapevolezza del popolo israeliano circa lo scempio, lo sterminio, l\u2019annientamento genocidiaro del popolo palestinese.<\/div>\n<div dir=\"auto\">Mi dispiace non pu\u00f2 essere cosi. Il popolo israeliano NON E\u2019 ateo.<\/div>\n<div dir=\"auto\">Se non si riconoscesse nelle proprie sacre scritture, se non si riconoscesse attore predestinato di un conflitto metafisico, non potrebbe sostenere la vista di questo mare di sangue innocente, non potrebbe sostenere ed alimentare, sia pure con il solo proprio silenzio, questa \u201cnormalit\u00e0, cio\u00e8 quello che sta accadendo da anni sotto il proprio sguardo, uno sguardo che ora, dinanzi alla promessa di veder realizzata la Grande Israele, \u00e8 divenuto stupito e religiosamente ammirato. L\u2019odio dei Paesi del resto del mondo \u00e8 dunque una loro esplicita richiesta, la conditio sine qua non, (Zaccaria12,13,14) per continuare non a ad esistere ma a dominare su tutto secondo la volont\u00e0 del suo Dio e dei suoi Profeti.<\/div>\n<div dir=\"auto\">Lascio a voi, se siete interessati, lo studio dei manuali di geopolitica dell\u2019ebraismo. Non c\u2019\u00e8, ovviamente, solo l\u2019Antico Testamento (mi raccomando ancora la lettura con interpretazione ebraica). Non c\u2019\u00e8 solo Ezechiele, 37,38 o i Rotoli del Mar Morto o il terrore che coltivano per coloro che scenderanno dal Grande Nord. C\u2019\u00e8 molto di pi\u00f9.<\/div>\n<div dir=\"auto\">Ora tutto ci\u00f2 non \u00e8 possibile esaminarlo. E\u2019 prematuro.<\/div>\n<div dir=\"auto\">Oggi , hic et nunc, \u00e8 opportuno comprendere ed assorbire il concetto che \u00e8 in atto una Guerra Metafisica in ogni angolo della terra.<\/div>\n<div dir=\"auto\">Da un lato l\u2019Uomo dall\u2019altra il Nulla, che \u00e8 peggio del Male.<\/div>\n<div dir=\"auto\">E quindi ?<\/div>\n<div dir=\"auto\">E quindi ringraziamo.<\/div>\n<div dir=\"auto\">Sono tempi terrificanti e bellissimi al tempo stesso. Vittime, protagonisti, comparse, spettatori, c\u00e8 posto quasi per tutti\u2026 Non per gli attori\u2026 E\u2019una questione di cellule, di scelte\u2026 Sicuramente sono Tempi in cui cadranno le maschere, mettendo a nudo fattezze fetide e mostruose, e splenderanno i volti di coloro che sono stati sempre semplicemente se stessi. E ci\u00f2 sar\u00e0 indipendentemente dall\u2019esito finale in quelli che gi\u00e0 vengono definiti i giorni ultimi.<\/div>\n","protected":false},"excerpt":{"rendered":"<p>di\u00a0 Rainaldo Graziani\u00a0 Credo sia divenuto necessario un cambio di paradigma, un approccio di carattere simbolico se si vuole comprendere le motivazioni delle scellerate scelte dello Stato di Israele a danno della popolazione palestinese e, per alcuni aspetti religiosi, a detrimento dell\u2019umanit\u00e0 in genere. Quindi si tratta di compiere uno sforzo, in un certo senso [&hellip;]<\/p>\n","protected":false},"author":3,"featured_media":4578,"comment_status":"open","ping_status":"closed","sticky":false,"template":"","format":"standard","meta":{"om_disable_all_campaigns":false,"_monsterinsights_skip_tracking":false,"_monsterinsights_sitenote_active":false,"_monsterinsights_sitenote_note":"","_monsterinsights_sitenote_category":0,"_uf_show_specific_survey":0,"_uf_disable_surveys":false,"footnotes":""},"categories":[33],"tags":[],"class_list":{"0":"post-4577","1":"post","2":"type-post","3":"status-publish","4":"format-standard","5":"has-post-thumbnail","7":"category-politica"},"aioseo_notices":[],"_links":{"self":[{"href":"https:\/\/ilsovranista.com\/index.php?rest_route=\/wp\/v2\/posts\/4577","targetHints":{"allow":["GET"]}}],"collection":[{"href":"https:\/\/ilsovranista.com\/index.php?rest_route=\/wp\/v2\/posts"}],"about":[{"href":"https:\/\/ilsovranista.com\/index.php?rest_route=\/wp\/v2\/types\/post"}],"author":[{"embeddable":true,"href":"https:\/\/ilsovranista.com\/index.php?rest_route=\/wp\/v2\/users\/3"}],"replies":[{"embeddable":true,"href":"https:\/\/ilsovranista.com\/index.php?rest_route=%2Fwp%2Fv2%2Fcomments&post=4577"}],"version-history":[{"count":1,"href":"https:\/\/ilsovranista.com\/index.php?rest_route=\/wp\/v2\/posts\/4577\/revisions"}],"predecessor-version":[{"id":4579,"href":"https:\/\/ilsovranista.com\/index.php?rest_route=\/wp\/v2\/posts\/4577\/revisions\/4579"}],"wp:featuredmedia":[{"embeddable":true,"href":"https:\/\/ilsovranista.com\/index.php?rest_route=\/wp\/v2\/media\/4578"}],"wp:attachment":[{"href":"https:\/\/ilsovranista.com\/index.php?rest_route=%2Fwp%2Fv2%2Fmedia&parent=4577"}],"wp:term":[{"taxonomy":"category","embeddable":true,"href":"https:\/\/ilsovranista.com\/index.php?rest_route=%2Fwp%2Fv2%2Fcategories&post=4577"},{"taxonomy":"post_tag","embeddable":true,"href":"https:\/\/ilsovranista.com\/index.php?rest_route=%2Fwp%2Fv2%2Ftags&post=4577"}],"curies":[{"name":"wp","href":"https:\/\/api.w.org\/{rel}","templated":true}]}}