{"id":4500,"date":"2025-09-03T08:55:05","date_gmt":"2025-09-03T06:55:05","guid":{"rendered":"https:\/\/ilsovranista.com\/?p=4500"},"modified":"2025-09-03T08:57:45","modified_gmt":"2025-09-03T06:57:45","slug":"regionali-campania-martusciello-con-forza-italia-un-centro-forte-a-sinistra-non-esiste","status":"publish","type":"post","link":"https:\/\/ilsovranista.com\/?p=4500","title":{"rendered":"Regionali Campania, Martusciello: con Forza Italia un centro forte, a sinistra non esiste"},"content":{"rendered":"<p>Alle elezioni regionali in Campania il centro sar\u00e0 forte e sar\u00e0 rappresentato da Forza Italia. A sinistra ,invece il centro, non ci sar\u00e0. Mi sembra chiaro che il confronto in Campania sar\u00e0 tra una sinistra centro \u00e8 un centro-destra. A sinistra con i numeri dei 5 stelle e del partito democratico il centro non esister\u00e0 mentre nell&#8217;altro campo grazie a Forza Italia, il centro sar\u00e0 ben rappresentato. Questa alleanza con i partiti della destra consentir\u00e0 di dare, finalmente, un buon governo alla Campania.<\/p>\n<p>Lo afferma, in una nota, diffusa alla stampa,\u00a0<strong>Fulvio Martusciello,\u00a0<\/strong>segretario regionale di\u00a0<strong>Forza Italia<\/strong><\/p>\n<p>&nbsp;<\/p>\n","protected":false},"excerpt":{"rendered":"<p>Alle elezioni regionali in Campania il centro sar\u00e0 forte e sar\u00e0 rappresentato da Forza Italia. A sinistra ,invece il centro, non ci sar\u00e0. Mi sembra chiaro che il confronto in Campania sar\u00e0 tra una sinistra centro \u00e8 un centro-destra. A sinistra con i numeri dei 5 stelle e del partito democratico il centro non esister\u00e0 [&hellip;]<\/p>\n","protected":false},"author":3,"featured_media":4435,"comment_status":"open","ping_status":"closed","sticky":false,"template":"","format":"standard","meta":{"om_disable_all_campaigns":false,"_monsterinsights_skip_tracking":false,"_monsterinsights_sitenote_active":false,"_monsterinsights_sitenote_note":"","_monsterinsights_sitenote_category":0,"_uf_show_specific_survey":0,"_uf_disable_surveys":false,"footnotes":""},"categories":[36],"tags":[],"class_list":{"0":"post-4500","1":"post","2":"type-post","3":"status-publish","4":"format-standard","5":"has-post-thumbnail","7":"category-prima-i-territori"},"aioseo_notices":[],"_links":{"self":[{"href":"https:\/\/ilsovranista.com\/index.php?rest_route=\/wp\/v2\/posts\/4500","targetHints":{"allow":["GET"]}}],"collection":[{"href":"https:\/\/ilsovranista.com\/index.php?rest_route=\/wp\/v2\/posts"}],"about":[{"href":"https:\/\/ilsovranista.com\/index.php?rest_route=\/wp\/v2\/types\/post"}],"author":[{"embeddable":true,"href":"https:\/\/ilsovranista.com\/index.php?rest_route=\/wp\/v2\/users\/3"}],"replies":[{"embeddable":true,"href":"https:\/\/ilsovranista.com\/index.php?rest_route=%2Fwp%2Fv2%2Fcomments&post=4500"}],"version-history":[{"count":1,"href":"https:\/\/ilsovranista.com\/index.php?rest_route=\/wp\/v2\/posts\/4500\/revisions"}],"predecessor-version":[{"id":4501,"href":"https:\/\/ilsovranista.com\/index.php?rest_route=\/wp\/v2\/posts\/4500\/revisions\/4501"}],"wp:featuredmedia":[{"embeddable":true,"href":"https:\/\/ilsovranista.com\/index.php?rest_route=\/wp\/v2\/media\/4435"}],"wp:attachment":[{"href":"https:\/\/ilsovranista.com\/index.php?rest_route=%2Fwp%2Fv2%2Fmedia&parent=4500"}],"wp:term":[{"taxonomy":"category","embeddable":true,"href":"https:\/\/ilsovranista.com\/index.php?rest_route=%2Fwp%2Fv2%2Fcategories&post=4500"},{"taxonomy":"post_tag","embeddable":true,"href":"https:\/\/ilsovranista.com\/index.php?rest_route=%2Fwp%2Fv2%2Ftags&post=4500"}],"curies":[{"name":"wp","href":"https:\/\/api.w.org\/{rel}","templated":true}]}}