{"id":4488,"date":"2025-09-02T22:25:10","date_gmt":"2025-09-02T20:25:10","guid":{"rendered":"https:\/\/ilsovranista.com\/?p=4488"},"modified":"2025-09-02T22:25:10","modified_gmt":"2025-09-02T20:25:10","slug":"sanita-nappi-e-scotto-lega-basta-prese-in-giro-da-asl-e-regione-ripristinare-subito-idroambulanza-per-procida","status":"publish","type":"post","link":"https:\/\/ilsovranista.com\/?p=4488","title":{"rendered":"Sanit\u00e0, Nappi e Scotto (Lega): basta prese in giro da Asl e Regione. Ripristinare subito idroambulanza per Procida"},"content":{"rendered":"<p>\u201cNon c\u2019\u00e8 limite alla incapacit\u00e0 e alla falsit\u00e0 di chi gestisce la sanit\u00e0 in Campania. E come se non bastasse, alla negazione del diritto alla salute, si aggiunge pure la presa in giro, questa volta nei confronti dei cittadini isolani. Nelle scorse ore l\u2019Asl Napoli 2 Nord, con i soliti toni trionfalistici alla De Luca, ha annunciato il varo della idro-ambulanza per l\u2019isola di Ischia, che, secondo l\u2019Azienda sanitaria, andrebbe ad affiancare il mezzo di soccorso dedicato a Procida. Questi signori per\u00f2 fanno finta di non sapere che sono anni che l\u2019isola di Procida non pu\u00f2 pi\u00f9 contare sull&#8217;idro-ambulanza, mezzo fondamentale in caso di emergenze e per salvare vite umane! Si vergognino. Presenteremo apposita interrogazione in Consiglio regionale per chiedere l\u2019immediato ripristino del servizio per i cittadini procidani, quanto alla Regione e alle Asl &#8211; solo meri avamposti del sistema del \u2018cacicco\u2019 -, che negli ultimi dieci anni hanno ridotto il diritto alla salute ad elemosina, abbiano almeno la decenza di smetterla con le balle. Per fortuna, tra pochi mesi, quando governeremo la Campania e ricostruiremo la sanit\u00e0 dalle fondamenta, saranno soltanto un drammatico ricordo\u2026\u201d<\/p>\n<p>Lo denunciano, in una nota congiunta, <strong>Severino Nappi<\/strong>, capogruppo della <strong>Lega<\/strong> in Consiglio regionale e vice coordinatore del partito in Campania, e Michele Scotto, coordinatore Lega isola di Procida.<\/p>\n","protected":false},"excerpt":{"rendered":"<p>\u201cNon c\u2019\u00e8 limite alla incapacit\u00e0 e alla falsit\u00e0 di chi gestisce la sanit\u00e0 in Campania. E come se non bastasse, alla negazione del diritto alla salute, si aggiunge pure la presa in giro, questa volta nei confronti dei cittadini isolani. Nelle scorse ore l\u2019Asl Napoli 2 Nord, con i soliti toni trionfalistici alla De Luca, [&hellip;]<\/p>\n","protected":false},"author":3,"featured_media":4489,"comment_status":"open","ping_status":"closed","sticky":false,"template":"","format":"standard","meta":{"om_disable_all_campaigns":false,"_monsterinsights_skip_tracking":false,"_monsterinsights_sitenote_active":false,"_monsterinsights_sitenote_note":"","_monsterinsights_sitenote_category":0,"_uf_show_specific_survey":0,"_uf_disable_surveys":false,"footnotes":""},"categories":[1],"tags":[],"class_list":{"0":"post-4488","1":"post","2":"type-post","3":"status-publish","4":"format-standard","5":"has-post-thumbnail","7":"category-senza-categoria"},"aioseo_notices":[],"_links":{"self":[{"href":"https:\/\/ilsovranista.com\/index.php?rest_route=\/wp\/v2\/posts\/4488","targetHints":{"allow":["GET"]}}],"collection":[{"href":"https:\/\/ilsovranista.com\/index.php?rest_route=\/wp\/v2\/posts"}],"about":[{"href":"https:\/\/ilsovranista.com\/index.php?rest_route=\/wp\/v2\/types\/post"}],"author":[{"embeddable":true,"href":"https:\/\/ilsovranista.com\/index.php?rest_route=\/wp\/v2\/users\/3"}],"replies":[{"embeddable":true,"href":"https:\/\/ilsovranista.com\/index.php?rest_route=%2Fwp%2Fv2%2Fcomments&post=4488"}],"version-history":[{"count":1,"href":"https:\/\/ilsovranista.com\/index.php?rest_route=\/wp\/v2\/posts\/4488\/revisions"}],"predecessor-version":[{"id":4490,"href":"https:\/\/ilsovranista.com\/index.php?rest_route=\/wp\/v2\/posts\/4488\/revisions\/4490"}],"wp:featuredmedia":[{"embeddable":true,"href":"https:\/\/ilsovranista.com\/index.php?rest_route=\/wp\/v2\/media\/4489"}],"wp:attachment":[{"href":"https:\/\/ilsovranista.com\/index.php?rest_route=%2Fwp%2Fv2%2Fmedia&parent=4488"}],"wp:term":[{"taxonomy":"category","embeddable":true,"href":"https:\/\/ilsovranista.com\/index.php?rest_route=%2Fwp%2Fv2%2Fcategories&post=4488"},{"taxonomy":"post_tag","embeddable":true,"href":"https:\/\/ilsovranista.com\/index.php?rest_route=%2Fwp%2Fv2%2Ftags&post=4488"}],"curies":[{"name":"wp","href":"https:\/\/api.w.org\/{rel}","templated":true}]}}