{"id":446,"date":"2024-12-11T20:43:24","date_gmt":"2024-12-11T19:43:24","guid":{"rendered":"https:\/\/prova.ilsovranista.com\/?p=446"},"modified":"2024-12-11T20:43:24","modified_gmt":"2024-12-11T19:43:24","slug":"almici-fdi-meloni-leader-piu-influente-deuropa-e-litalia-rinasce","status":"publish","type":"post","link":"https:\/\/ilsovranista.com\/?p=446","title":{"rendered":"Almici (FdI): Meloni leader pi\u00f9 influente d\u2019Europa e l\u2019Italia rinasce"},"content":{"rendered":"<p>&#8220;La figura di <strong>Giorgia Meloni<\/strong>, Presidente del Consiglio, continua a ricevere riconoscimenti internazionali che confermano la sua posizione di leadership in Europa e nel mondo. Recentemente, la testata influente Politico.eu ha inserito Meloni nella classifica delle 28 personalit\u00e0 pi\u00f9 influenti d\u2019Europa, definendola \u201cla pi\u00f9 potente\u201d, un riconoscimento che sottolinea il ruolo centrale dell\u2019Italia sulla scena politica e economica del continente. Questo prestigioso riconoscimento non \u00e8 solo un tributo alla nostra leader, ma un segnale chiaro che l\u2019Italia, sotto la sua guida, ha saputo riaffermare la propria centralit\u00e0 in Europa e attrarre investimenti, nonostante le sfide economiche. Una stabilit\u00e0 che \u00e8 la pi\u00f9 solida dal dopoguerra e che smentisce le voci scettiche che ci vedevano isolati. Oggi, il nostro Paese \u00e8 un esempio di rinascita e successo. Il riconoscimento di Giorgia Meloni, come politico pi\u00f9 influente d\u2019Europa, conferma che la leadership italiana \u00e8 solida, apprezzata e in grado di tracciare la via per un futuro prospero, non solo per il nostro Paese, ma per l\u2019intero continente&#8221;.<\/p>\n<p>Lo afferma in una nota, diffusa alla stampa,\u00a0<strong>Cristina Almici,\u00a0<\/strong>deputato di\u00a0<strong>Fratelli d&#8217;Italia\u00a0<\/strong><\/p>\n","protected":false},"excerpt":{"rendered":"<p>&#8220;La figura di Giorgia Meloni, Presidente del Consiglio, continua a ricevere riconoscimenti internazionali che confermano la sua posizione di leadership in Europa e nel mondo. Recentemente, la testata influente Politico.eu ha inserito Meloni nella classifica delle 28 personalit\u00e0 pi\u00f9 influenti d\u2019Europa, definendola \u201cla pi\u00f9 potente\u201d, un riconoscimento che sottolinea il ruolo centrale dell\u2019Italia sulla scena [&hellip;]<\/p>\n","protected":false},"author":3,"featured_media":447,"comment_status":"open","ping_status":"closed","sticky":false,"template":"","format":"standard","meta":{"om_disable_all_campaigns":false,"_monsterinsights_skip_tracking":false,"_monsterinsights_sitenote_active":false,"_monsterinsights_sitenote_note":"","_monsterinsights_sitenote_category":0,"_uf_show_specific_survey":0,"_uf_disable_surveys":false,"footnotes":""},"categories":[33],"tags":[],"class_list":{"0":"post-446","1":"post","2":"type-post","3":"status-publish","4":"format-standard","5":"has-post-thumbnail","7":"category-politica"},"aioseo_notices":[],"_links":{"self":[{"href":"https:\/\/ilsovranista.com\/index.php?rest_route=\/wp\/v2\/posts\/446","targetHints":{"allow":["GET"]}}],"collection":[{"href":"https:\/\/ilsovranista.com\/index.php?rest_route=\/wp\/v2\/posts"}],"about":[{"href":"https:\/\/ilsovranista.com\/index.php?rest_route=\/wp\/v2\/types\/post"}],"author":[{"embeddable":true,"href":"https:\/\/ilsovranista.com\/index.php?rest_route=\/wp\/v2\/users\/3"}],"replies":[{"embeddable":true,"href":"https:\/\/ilsovranista.com\/index.php?rest_route=%2Fwp%2Fv2%2Fcomments&post=446"}],"version-history":[{"count":1,"href":"https:\/\/ilsovranista.com\/index.php?rest_route=\/wp\/v2\/posts\/446\/revisions"}],"predecessor-version":[{"id":448,"href":"https:\/\/ilsovranista.com\/index.php?rest_route=\/wp\/v2\/posts\/446\/revisions\/448"}],"wp:featuredmedia":[{"embeddable":true,"href":"https:\/\/ilsovranista.com\/index.php?rest_route=\/wp\/v2\/media\/447"}],"wp:attachment":[{"href":"https:\/\/ilsovranista.com\/index.php?rest_route=%2Fwp%2Fv2%2Fmedia&parent=446"}],"wp:term":[{"taxonomy":"category","embeddable":true,"href":"https:\/\/ilsovranista.com\/index.php?rest_route=%2Fwp%2Fv2%2Fcategories&post=446"},{"taxonomy":"post_tag","embeddable":true,"href":"https:\/\/ilsovranista.com\/index.php?rest_route=%2Fwp%2Fv2%2Ftags&post=446"}],"curies":[{"name":"wp","href":"https:\/\/api.w.org\/{rel}","templated":true}]}}