{"id":4454,"date":"2025-09-01T10:09:57","date_gmt":"2025-09-01T08:09:57","guid":{"rendered":"https:\/\/ilsovranista.com\/?p=4454"},"modified":"2025-09-01T10:10:28","modified_gmt":"2025-09-01T08:10:28","slug":"aaa-cercasi-candidato-presidente-e-quando-il-centro-destra-campano-continua-a-meditare","status":"publish","type":"post","link":"https:\/\/ilsovranista.com\/?p=4454","title":{"rendered":"AAA cercasi candidato presidente. Quando il centro destra campano continua a meditare"},"content":{"rendered":"<p>Sono stato facile profeta quando sostenevo, in tempi non sospetti, che la scelta del candidato alla presidenza della Regione Campania sarebbe stata rinviata, fino all&#8217;ultimo momento possibile. Non ho creduto ai fantomatici comitati per\u00a0<strong>Zinzi\u00a0<\/strong>o <strong>Cirielli<\/strong>, di cui si sono subito perse le traccia. Anche i papabili candidati della cosiddetta societ\u00e0 civile si stanno sfilando, sfuggono. Qualcuno diventa criptico nelle dichiarazioni facendomi scoprire come il linguaggio dei civici, a volte, \u00e8 ancora di pi\u00f9 difficile lettura rispetto al politichese.<strong>Grande \u00e8 la confusione sotto il cielo,\u00a0<\/strong>parafrasando Mao ma la situazione \u00e8 tutt&#8217; altro che eccellente.\u00a0<strong>Forza Italia\u00a0<\/strong>ha una posizione ecumenica ed \u00e8 pronta anche a recuperare esponenti di primo piano deluchiani come Caputo e Zanini, la\u00a0<strong>Lega <\/strong>forte di quasi il 6% dei voti alle Europee vuole a tutti i costi un proprio candidato mentre\u00a0<strong>Fratelli d&#8217;Italia\u00a0<\/strong>\u00e8 prigioniera delle sue mal celate aspirazioni. Per la serie anche le pulci hanno la tosse,\u00a0<strong>Noi Moderati,\u00a0<\/strong>quarta gamba del centro destra, con consensi inferiori al 2% vorrebbe indicare un proprio candidato governatore individuato in\u00a0<strong>Mara Carfagna.\u00a0<\/strong>Leggendo il Mattino, scopre che gioved\u00ec ci sar\u00e0 un vertice nazionale della coalizione per indicare i nomi dei candidati governatori per le prossime regionali con priorit\u00e0 assoluta al Veneto Segno evidente di quanto poco conti la Campania. Aspettando il persistere della meditazione del centro destra lancio una provocazione. AAA cercasi candidato presidente, offresi posto come consigliere regionale per 5 anni con ruolo di leader dell&#8217;opposizione<\/p>\n","protected":false},"excerpt":{"rendered":"<p>Sono stato facile profeta quando sostenevo, in tempi non sospetti, che la scelta del candidato alla presidenza della Regione Campania sarebbe stata rinviata, fino all&#8217;ultimo momento possibile. Non ho creduto ai fantomatici comitati per\u00a0Zinzi\u00a0o Cirielli, di cui si sono subito perse le traccia. Anche i papabili candidati della cosiddetta societ\u00e0 civile si stanno sfilando, sfuggono. [&hellip;]<\/p>\n","protected":false},"author":3,"featured_media":4455,"comment_status":"open","ping_status":"closed","sticky":false,"template":"","format":"standard","meta":{"om_disable_all_campaigns":false,"_monsterinsights_skip_tracking":false,"_monsterinsights_sitenote_active":false,"_monsterinsights_sitenote_note":"","_monsterinsights_sitenote_category":0,"_uf_show_specific_survey":0,"_uf_disable_surveys":false,"footnotes":""},"categories":[33],"tags":[],"class_list":{"0":"post-4454","1":"post","2":"type-post","3":"status-publish","4":"format-standard","5":"has-post-thumbnail","7":"category-politica"},"aioseo_notices":[],"_links":{"self":[{"href":"https:\/\/ilsovranista.com\/index.php?rest_route=\/wp\/v2\/posts\/4454","targetHints":{"allow":["GET"]}}],"collection":[{"href":"https:\/\/ilsovranista.com\/index.php?rest_route=\/wp\/v2\/posts"}],"about":[{"href":"https:\/\/ilsovranista.com\/index.php?rest_route=\/wp\/v2\/types\/post"}],"author":[{"embeddable":true,"href":"https:\/\/ilsovranista.com\/index.php?rest_route=\/wp\/v2\/users\/3"}],"replies":[{"embeddable":true,"href":"https:\/\/ilsovranista.com\/index.php?rest_route=%2Fwp%2Fv2%2Fcomments&post=4454"}],"version-history":[{"count":2,"href":"https:\/\/ilsovranista.com\/index.php?rest_route=\/wp\/v2\/posts\/4454\/revisions"}],"predecessor-version":[{"id":4457,"href":"https:\/\/ilsovranista.com\/index.php?rest_route=\/wp\/v2\/posts\/4454\/revisions\/4457"}],"wp:featuredmedia":[{"embeddable":true,"href":"https:\/\/ilsovranista.com\/index.php?rest_route=\/wp\/v2\/media\/4455"}],"wp:attachment":[{"href":"https:\/\/ilsovranista.com\/index.php?rest_route=%2Fwp%2Fv2%2Fmedia&parent=4454"}],"wp:term":[{"taxonomy":"category","embeddable":true,"href":"https:\/\/ilsovranista.com\/index.php?rest_route=%2Fwp%2Fv2%2Fcategories&post=4454"},{"taxonomy":"post_tag","embeddable":true,"href":"https:\/\/ilsovranista.com\/index.php?rest_route=%2Fwp%2Fv2%2Ftags&post=4454"}],"curies":[{"name":"wp","href":"https:\/\/api.w.org\/{rel}","templated":true}]}}