{"id":4423,"date":"2025-08-30T08:10:16","date_gmt":"2025-08-30T06:10:16","guid":{"rendered":"https:\/\/ilsovranista.com\/?p=4423"},"modified":"2025-08-30T08:10:16","modified_gmt":"2025-08-30T06:10:16","slug":"la-lega-riscopre-le-origini-e-torna-a-pian-del-re","status":"publish","type":"post","link":"https:\/\/ilsovranista.com\/?p=4423","title":{"rendered":"La Lega riscopre le origini e torna a Pian del Re"},"content":{"rendered":"<p>Sabato 30 agosto la <strong>Lega<\/strong> torna ai piedi del Monviso per parlare di autonomia, montagna e sicurezza. Il ritrovo \u00e8 fissato non pi\u00f9 ai 1.800 metri di Pian della Regina, ma pi\u00f9 su, ai 2020 metri del Pian del Re.\u2028 La parte politica dell\u2019evento avr\u00e0 inizio alle 10 con il dibattito a cui dovrebbero prendere parte il ministro per gli Affari regionali e le Autonomie <strong>Roberto Calderoli<\/strong>, il presidente del Gruppo Lega alla Camera dei Deputati <strong>Riccardo Molinari<\/strong> e il segretario provinciale Lega Cuneo <strong>Giorgio<\/strong> <strong>Maria Bergesio.<\/strong> Saranno presenti anche gli eletti della Lega a tutti i livelli.<br \/>\n\u201cParleremo di autonomia e del valore inestimabile della nostra montagna \u2013 dice il senatore Bergesio \u2013 perch\u00e9 crediamo che le decisioni sul nostro futuro debbano essere prese il pi\u00f9 vicino possibile a chi vive e lavora in questi luoghi. Discuteremo di sicurezza e, ovviamente, delle nostre grandi battaglie per le infrastrutture, pilastri fondamentali per lo sviluppo della provincia: dal tunnel del Tenda, all\u2019attesa autostrada Asti-Cuneo, fino ai collegamenti strategici come Demonte, Armo-Cantarana e la tangenziale di Mondov\u00ec. Non mancheranno poi i focus sulle problematiche delle nostre aziende e sul sostegno che dobbiamo dare agli enti locali, in particolare ai nostri sindaci, in prima linea ogni giorno&#8221;<\/p>\n","protected":false},"excerpt":{"rendered":"<p>Sabato 30 agosto la Lega torna ai piedi del Monviso per parlare di autonomia, montagna e sicurezza. Il ritrovo \u00e8 fissato non pi\u00f9 ai 1.800 metri di Pian della Regina, ma pi\u00f9 su, ai 2020 metri del Pian del Re.\u2028 La parte politica dell\u2019evento avr\u00e0 inizio alle 10 con il dibattito a cui dovrebbero prendere [&hellip;]<\/p>\n","protected":false},"author":3,"featured_media":4424,"comment_status":"open","ping_status":"closed","sticky":false,"template":"","format":"standard","meta":{"om_disable_all_campaigns":false,"_monsterinsights_skip_tracking":false,"_monsterinsights_sitenote_active":false,"_monsterinsights_sitenote_note":"","_monsterinsights_sitenote_category":0,"_uf_show_specific_survey":0,"_uf_disable_surveys":false,"footnotes":""},"categories":[33],"tags":[],"class_list":{"0":"post-4423","1":"post","2":"type-post","3":"status-publish","4":"format-standard","5":"has-post-thumbnail","7":"category-politica"},"aioseo_notices":[],"_links":{"self":[{"href":"https:\/\/ilsovranista.com\/index.php?rest_route=\/wp\/v2\/posts\/4423","targetHints":{"allow":["GET"]}}],"collection":[{"href":"https:\/\/ilsovranista.com\/index.php?rest_route=\/wp\/v2\/posts"}],"about":[{"href":"https:\/\/ilsovranista.com\/index.php?rest_route=\/wp\/v2\/types\/post"}],"author":[{"embeddable":true,"href":"https:\/\/ilsovranista.com\/index.php?rest_route=\/wp\/v2\/users\/3"}],"replies":[{"embeddable":true,"href":"https:\/\/ilsovranista.com\/index.php?rest_route=%2Fwp%2Fv2%2Fcomments&post=4423"}],"version-history":[{"count":1,"href":"https:\/\/ilsovranista.com\/index.php?rest_route=\/wp\/v2\/posts\/4423\/revisions"}],"predecessor-version":[{"id":4425,"href":"https:\/\/ilsovranista.com\/index.php?rest_route=\/wp\/v2\/posts\/4423\/revisions\/4425"}],"wp:featuredmedia":[{"embeddable":true,"href":"https:\/\/ilsovranista.com\/index.php?rest_route=\/wp\/v2\/media\/4424"}],"wp:attachment":[{"href":"https:\/\/ilsovranista.com\/index.php?rest_route=%2Fwp%2Fv2%2Fmedia&parent=4423"}],"wp:term":[{"taxonomy":"category","embeddable":true,"href":"https:\/\/ilsovranista.com\/index.php?rest_route=%2Fwp%2Fv2%2Fcategories&post=4423"},{"taxonomy":"post_tag","embeddable":true,"href":"https:\/\/ilsovranista.com\/index.php?rest_route=%2Fwp%2Fv2%2Ftags&post=4423"}],"curies":[{"name":"wp","href":"https:\/\/api.w.org\/{rel}","templated":true}]}}