{"id":4374,"date":"2025-08-11T15:26:51","date_gmt":"2025-08-11T13:26:51","guid":{"rendered":"https:\/\/ilsovranista.com\/?p=4374"},"modified":"2025-08-11T15:27:11","modified_gmt":"2025-08-11T13:27:11","slug":"politica-trash-vannacci-vara-la-crema-anti-comunista-per-proteggersi-dalla-sinistra","status":"publish","type":"post","link":"https:\/\/ilsovranista.com\/?p=4374","title":{"rendered":"Politica trash, Vannacci vara la crema anti comunista per proteggersi dalla sinistra"},"content":{"rendered":"<p>Il generale <strong>Vannacci<\/strong>, parlamentare europeo nonch\u00e9 vice segretario federale della<strong> Lega<\/strong>, come il suo leader Salvini \u00e8 sempre presente sui social ed \u00e8 attento a seguire l&#8217;onda, alla ricerca di nuovi follower e nuovi simpatizzanti. Anche in prossimit\u00e0 del ferragosto, nonostante la calura, l&#8217;onda va seguita.<\/p>\n<p>E contro &#8220;i comunisti&#8221; lancia una idea balneare: una crema anti scottatura, con tanto di manifesto di promozione. Una crema per proteggersi dalla sinistra, con niente poco di meno che l&#8217;idratazione anti comunista e con aggiunta della Protezione Generale. Una crema 100% italiana, con tanto di simbolo della Lega Salvini arricchito da un tricolore.<\/p>\n<p>Una comunicazione politica discutibile, forse anche trash, ma pur sempre libera, in un paese dove esiste, per fortuna la libert\u00e0 di pensiero (in questo caso mi domando che pensiero possa essere) con una nota stonata. La foto di Vannacci con la divisa mimetica dei paracadutisti. La divisa \u00a0dell\u2019Esercito non dovrebbe essere usata per propaganda politica, sia essa allineata oppure no con il governo del momento e non sono pochi, nell&#8217;Esercito, i militari che non nascondono una certa irritazione.<\/p>\n<p>&nbsp;<\/p>\n<p>&nbsp;<\/p>\n","protected":false},"excerpt":{"rendered":"<p>Il generale Vannacci, parlamentare europeo nonch\u00e9 vice segretario federale della Lega, come il suo leader Salvini \u00e8 sempre presente sui social ed \u00e8 attento a seguire l&#8217;onda, alla ricerca di nuovi follower e nuovi simpatizzanti. Anche in prossimit\u00e0 del ferragosto, nonostante la calura, l&#8217;onda va seguita. E contro &#8220;i comunisti&#8221; lancia una idea balneare: una [&hellip;]<\/p>\n","protected":false},"author":3,"featured_media":4375,"comment_status":"open","ping_status":"closed","sticky":false,"template":"","format":"standard","meta":{"om_disable_all_campaigns":false,"_monsterinsights_skip_tracking":false,"_monsterinsights_sitenote_active":false,"_monsterinsights_sitenote_note":"","_monsterinsights_sitenote_category":0,"_uf_show_specific_survey":0,"_uf_disable_surveys":false,"footnotes":""},"categories":[33],"tags":[],"class_list":{"0":"post-4374","1":"post","2":"type-post","3":"status-publish","4":"format-standard","5":"has-post-thumbnail","7":"category-politica"},"aioseo_notices":[],"_links":{"self":[{"href":"https:\/\/ilsovranista.com\/index.php?rest_route=\/wp\/v2\/posts\/4374","targetHints":{"allow":["GET"]}}],"collection":[{"href":"https:\/\/ilsovranista.com\/index.php?rest_route=\/wp\/v2\/posts"}],"about":[{"href":"https:\/\/ilsovranista.com\/index.php?rest_route=\/wp\/v2\/types\/post"}],"author":[{"embeddable":true,"href":"https:\/\/ilsovranista.com\/index.php?rest_route=\/wp\/v2\/users\/3"}],"replies":[{"embeddable":true,"href":"https:\/\/ilsovranista.com\/index.php?rest_route=%2Fwp%2Fv2%2Fcomments&post=4374"}],"version-history":[{"count":1,"href":"https:\/\/ilsovranista.com\/index.php?rest_route=\/wp\/v2\/posts\/4374\/revisions"}],"predecessor-version":[{"id":4376,"href":"https:\/\/ilsovranista.com\/index.php?rest_route=\/wp\/v2\/posts\/4374\/revisions\/4376"}],"wp:featuredmedia":[{"embeddable":true,"href":"https:\/\/ilsovranista.com\/index.php?rest_route=\/wp\/v2\/media\/4375"}],"wp:attachment":[{"href":"https:\/\/ilsovranista.com\/index.php?rest_route=%2Fwp%2Fv2%2Fmedia&parent=4374"}],"wp:term":[{"taxonomy":"category","embeddable":true,"href":"https:\/\/ilsovranista.com\/index.php?rest_route=%2Fwp%2Fv2%2Fcategories&post=4374"},{"taxonomy":"post_tag","embeddable":true,"href":"https:\/\/ilsovranista.com\/index.php?rest_route=%2Fwp%2Fv2%2Ftags&post=4374"}],"curies":[{"name":"wp","href":"https:\/\/api.w.org\/{rel}","templated":true}]}}